{"id":1027,"date":"2009-10-16T19:58:02","date_gmt":"2009-10-16T21:58:02","guid":{"rendered":"https:\/\/www.levandoapalavra.com\/123\/?p=1027"},"modified":"2010-12-16T19:59:03","modified_gmt":"2010-12-16T21:59:03","slug":"ruidos-que-matam-a-comunicacao","status":"publish","type":"post","link":"https:\/\/www.levandoapalavra.com\/123\/?p=1027","title":{"rendered":"Ru\u00eddos que matam a comunica\u00e7\u00e3o"},"content":{"rendered":"<p style=\"text-align: justify;\">Cada  \t\t\t\tvez mais o profissional precisa contar com a boa qualidade da  \t\t\t\tcomunica\u00e7\u00e3o para alcan\u00e7ar sucesso em sua carreira. Com  \t\t\t\tfrequ\u00eancia sempre maior ele participa de reuni\u00f5es, de processos  \t\t\t\tde negocia\u00e7\u00e3o, apresenta projetos, concede entrevistas, abre e  \t\t\t\tfecha semin\u00e1rios e os mais diferentes tipos de eventos.<\/p>\n<p>Fica claro, por isso, que ao crescer na hierarquia da empresa o  \t\t\t\tprofissional mais depender\u00e1 do seu desempenho para falar em  \t\t\t\tp\u00fablico e menos da sua qualifica\u00e7\u00e3o t\u00e9cnica. N\u00e3o estou dizendo  \t\t\t\tque a qualifica\u00e7\u00e3o t\u00e9cnica n\u00e3o seja importante, mas sim que nas  \t\t\t\tposi\u00e7\u00f5es mais elevadas o profissional depender\u00e1 mais da sua  \t\t\t\thabilidade de se expressar verbalmente.<\/p>\n<p>Entre os problemas graves apresentados na comunica\u00e7\u00e3o da maioria  \t\t\t\tdos profissionais aparecem os v\u00edcios de toda ordem. Temos os  \t\t\t\tconhecidos &#8220;n\u00e9?&#8221;, &#8220;ta?&#8221;, &#8220;ok?&#8221;, &#8220;certo?&#8221; no final das frases; os  \t\t\t\tn\u00e3o menos votados &#8220;\u00e3\u00e3\u00e3\u00e3\u00e3&#8221;, &#8220;\u00e9\u00e9\u00e9\u00e9\u00e9&#8221; nas pausas; os desagrad\u00e1veis  \t\t\t\t&#8220;bem, bom, \u00e3\u00e3\u00e3\u00e3\u00e3&#8221; no in\u00edcio dos discursos e palestras; o &#8220;ent\u00e3o&#8221;  \t\t\t\tdemocr\u00e1tico, que n\u00e3o escolhe lugar e aparece em v\u00e1rios pontos  \t\t\t\tdas apresenta\u00e7\u00f5es, do in\u00edcio \u00e0 conclus\u00e3o.<\/p>\n<p>Mencionei essa rela\u00e7\u00e3o s\u00f3 para citar os mais conhecidos. N\u00e3o  \t\t\t\tseria dif\u00edcil acrescentar uma boa dezena de outros v\u00edcios que  \t\t\t\tatrapalham a comunica\u00e7\u00e3o e podem se tornar entraves ao  \t\t\t\tdesempenho do profissional e ao desenvolvimento da sua carreira.  \t\t\t\tAssim que surge um novo v\u00edcio imediatamente se alastra como se  \t\t\t\tfosse epidemia.<\/p>\n<p>Certa vez participei de um evento denominado &#8220;Jornada de  \t\t\t\tcomunica\u00e7\u00e3o&#8221;, em Olinda, PE. Eu fiz palestra sobre comunica\u00e7\u00e3o  \t\t\t\toral, pela manh\u00e3. Meu amigo Pasquale Cipro Neto tratou da  \t\t\t\tcomunica\u00e7\u00e3o escrita, no per\u00edodo da tarde.<\/p>\n<p>Durante o almo\u00e7o Pasquale me chamou a aten\u00e7\u00e3o para um fato  \t\t\t\tcurioso: Polito, voc\u00ea percebeu que a turma dessa regi\u00e3o n\u00e3o usa  \t\t\t\to gerundismo? Passei a prestar mais aten\u00e7\u00e3o nas conversas e  \t\t\t\tfiquei impressionado, ele tinha raz\u00e3o, o gerundismo n\u00e3o havia  \t\t\t\tchegado por aquelas bandas.<\/p>\n<p>Oito meses depois, a AESO, a mesma institui\u00e7\u00e3o que havia  \t\t\t\tpromovido aquela jornada, me convidou para dar duas aulas  \t\t\t\tinaugurais na Faculdade de Comunica\u00e7\u00e3o. Nos dois dias em que  \t\t\t\tperambulei por aquela cidade de sonho pude conviver e conversar  \t\t\t\tum pouco mais com os alunos, n\u00e3o s\u00f3 da faculdade de comunica\u00e7\u00e3o,  \t\t\t\tcomo tamb\u00e9m de direito e de outras \u00e1reas.<\/p>\n<p>Tristeza. A praga do gerundismo j\u00e1 havia contaminado a garotada.  \t\t\t\tO tempo todo eu ouvia: vou estar mandando, vou estar fazendo.  \t\t\t\tParecia um processo de imita\u00e7\u00e3o, como se falar dessa maneira  \t\t\t\tcreditava aos estudantes uma esp\u00e9cie de status de &#8220;modernidade&#8221;.<\/p>\n<p>Embora sinta ser uma luta ingl\u00f3ria, n\u00e3o desisto. Durante minhas  \t\t\t\taulas tenho corrigido os alunos de maneira insistente. Mando  \t\t\t\tbilhetinhos para que observem no teipe com a grava\u00e7\u00e3o de suas  \t\t\t\tapresenta\u00e7\u00f5es essa forma desagrad\u00e1vel de comunica\u00e7\u00e3o.<\/p>\n<p>Sei que h\u00e1 uma corrente que defende o uso do gerundismo como um  \t\t\t\tprocesso natural da l\u00edngua, que \u00e9 viva e se transforma. Alguns  \t\t\t\tat\u00e9 pedem que se apresente argumenta\u00e7\u00e3o &#8220;cient\u00edfica&#8221; para  \t\t\t\tcondenar seu uso. E que n\u00e3o vale dizer apenas que \u00e9 &#8220;feio&#8221; ou  \t\t\t\t&#8220;deselegante&#8221;.<\/p>\n<p>Outros acusam \u00e0queles que criticam o gerundismo de  \t\t\t\tpreconceituosos. Particularmente n\u00e3o gosto do seu uso. Certo ou  \t\t\t\terrado, fruto ou n\u00e3o de preconceito a chance de voc\u00ea sair  \t\t\t\tprejudicado com seu uso \u00e9 enorme. H\u00e1 formas mais adequadas e  \t\t\t\telegantes de se expressar.<\/p>\n<p>Nos \u00faltimos tempos surgiu um novo e irritante v\u00edcio &#8211; o &#8220;na  \t\t\t\tverdade&#8221;. Preste aten\u00e7\u00e3o e constate como muitas pessoas usam o  \t\t\t\t&#8220;na verdade&#8221; com frequ\u00eancia. Algumas conseguem falar um &#8220;na  \t\t\t\tverdade&#8221; a cada frase. Como tenho analisado com interesse a  \t\t\t\tevolu\u00e7\u00e3o desse v\u00edcio fiquei impressionado com seu r\u00e1pido  \t\t\t\tcrescimento. Uma praga!<\/p>\n<p>Assim como o gerundismo o &#8220;na verdade&#8221; tamb\u00e9m poder\u00e1 se  \t\t\t\tconstituir em um ru\u00eddo e at\u00e9 prejudicar o resultado da  \t\t\t\tcomunica\u00e7\u00e3o de qualquer profissional e se transformar em  \t\t\t\tobst\u00e1culo ao seu desenvolvimento.<\/p>\n<p>Preste aten\u00e7\u00e3o em sua maneira de se expressar. Se estiver  \t\t\t\tfalando &#8220;na verdade&#8221; demais, comece a retirar o v\u00edcio da sua  \t\t\t\tcomunica\u00e7\u00e3o. Deixe essa express\u00e3o apenas para refor\u00e7ar e  \t\t\t\tredirecionar o sentido da mensagem.<\/p>\n<p style=\"text-align: justify;\">SUPERDICAS<\/p>\n<p style=\"text-align: justify;\">&#8211;  \t\t\t\tElimine o gerundismo da sua comunica\u00e7\u00e3o<\/p>\n<p style=\"text-align: justify;\">&#8211;  \t\t\t\tAfaste o &#8220;n\u00e9?&#8221;, &#8220;ta?&#8221;, &#8220;ok?&#8221; e outros v\u00edcios no final das frases<\/p>\n<p style=\"text-align: justify;\">&#8211; Acabe  \t\t\t\tcom o &#8220;\u00e3\u00e3\u00e3\u00e3\u00e3&#8221;, &#8220;\u00e9\u00e9\u00e9\u00e9\u00e9&#8221; nas pausas<\/p>\n<p style=\"text-align: justify;\">&#8211; Evite  \t\t\t\to excesso de &#8220;ent\u00e3o&#8221;<\/p>\n<p>Por: Reinaldo Polito<\/p>\n<p style=\"text-align: justify;\">Fonte:UOL Economia<\/p>\n","protected":false},"excerpt":{"rendered":"<p>Cada vez mais o profissional precisa contar com a boa qualidade da comunica\u00e7\u00e3o para alcan\u00e7ar sucesso em sua carreira. Com frequ\u00eancia sempre maior ele participa de reuni\u00f5es, de processos de&hellip; <\/p>\n","protected":false},"author":1,"featured_media":0,"comment_status":"open","ping_status":"open","sticky":false,"template":"","format":"standard","meta":{"footnotes":""},"categories":[1],"tags":[4],"class_list":["post-1027","post","type-post","status-publish","format-standard","hentry","category-sem-categoria","tag-lideranca"],"_links":{"self":[{"href":"https:\/\/www.levandoapalavra.com\/123\/index.php?rest_route=\/wp\/v2\/posts\/1027","targetHints":{"allow":["GET"]}}],"collection":[{"href":"https:\/\/www.levandoapalavra.com\/123\/index.php?rest_route=\/wp\/v2\/posts"}],"about":[{"href":"https:\/\/www.levandoapalavra.com\/123\/index.php?rest_route=\/wp\/v2\/types\/post"}],"author":[{"embeddable":true,"href":"https:\/\/www.levandoapalavra.com\/123\/index.php?rest_route=\/wp\/v2\/users\/1"}],"replies":[{"embeddable":true,"href":"https:\/\/www.levandoapalavra.com\/123\/index.php?rest_route=%2Fwp%2Fv2%2Fcomments&post=1027"}],"version-history":[{"count":0,"href":"https:\/\/www.levandoapalavra.com\/123\/index.php?rest_route=\/wp\/v2\/posts\/1027\/revisions"}],"wp:attachment":[{"href":"https:\/\/www.levandoapalavra.com\/123\/index.php?rest_route=%2Fwp%2Fv2%2Fmedia&parent=1027"}],"wp:term":[{"taxonomy":"category","embeddable":true,"href":"https:\/\/www.levandoapalavra.com\/123\/index.php?rest_route=%2Fwp%2Fv2%2Fcategories&post=1027"},{"taxonomy":"post_tag","embeddable":true,"href":"https:\/\/www.levandoapalavra.com\/123\/index.php?rest_route=%2Fwp%2Fv2%2Ftags&post=1027"}],"curies":[{"name":"wp","href":"https:\/\/api.w.org\/{rel}","templated":true}]}}