{"id":1035,"date":"2008-08-16T20:04:09","date_gmt":"2008-08-16T22:04:09","guid":{"rendered":"https:\/\/www.levandoapalavra.com\/123\/?p=1035"},"modified":"2019-03-18T13:41:38","modified_gmt":"2019-03-18T15:41:38","slug":"a-solidao-do-pastor","status":"publish","type":"post","link":"https:\/\/www.levandoapalavra.com\/123\/?p=1035","title":{"rendered":"A Solid\u00e3o do Pastor"},"content":{"rendered":"<p style=\"text-align: justify;\">Pastores costumam ser pessoas solit\u00e1rias, por voca\u00e7\u00e3o. Conhe\u00e7o muitos pastores que t\u00eam amigos de verdade, e, no entanto, t\u00eam forte tend\u00eancia \u00e0 solid\u00e3o! A maior parte deles vive se remoendo, enquanto lutam com seus problemas interiores, sem poder encontrar um amigo de confian\u00e7a com o qual desabafar. N\u00e3o podem conversar sobre seus problemas e conflitos com os membros da igreja; e sequer com os demais obreiros. Desabafam com Deus, enquanto derramam o cora\u00e7\u00e3o em l\u00e1grimas em seus momentos de solid\u00e3o. Pastores sofrem com a solid\u00e3o. Inda que acompanhados de tanta gente e cercados de colegas ministeriais vivem s\u00f3s. Geralmente os obreiros que os cercam n\u00e3o o fazem como amigos ou companheiros de jugo, vivem de enc\u00f4mios \u2013 aplaudem e elogiam em busca de cargos ou privil\u00e9gios. Raramente encontra-se um amigo que viva o compromisso de ajudar o l\u00edder, a ponto de admoest\u00e1-lo com amor.<\/p>\n<p style=\"text-align: justify;\">Por outro lado, o l\u00edder em evid\u00eancia se p\u00f5e perante os demais colegas ministeriais como gente de esfera superior, que n\u00e3o precisa da ajuda de ningu\u00e9m, como super-homem, intoc\u00e1vel, impec\u00e1vel \u2013 isto mesmo, no sentido de que nunca peca \u2013 inviol\u00e1vel e que sabe superar seus problemas. Perante seus amigos e colegas tem uma imagem colorida de sucesso e poder \u2013 mas tais pastores s\u00e3o pessoas \u00edmbeles, d\u00e9beis, fracas, e esquecem que o poder de viver integralmente a vida crist\u00e3 reside na depend\u00eancia de Deus e na for\u00e7a de seus amigos.<\/p>\n<p style=\"text-align: justify;\">Pastores s\u00e3o como \u00e1guias que voam s\u00f3s e vivem nos c\u00e9us distantes \u2013 acima dos problemas \u2013 mas cheios destes. Deveriam agir como \u00e1guias quando a s\u00f3s com Deus, e quais ovelhas de um rebanho a viver ao lado dos demais.<\/p>\n<p style=\"text-align: justify;\">Eis a raz\u00e3o porque os pastores aprendem a sofrer calados. Choram aos p\u00e9s do Senhor confessando suas faltas. E gostariam de ter um amigo por perto. Mas, desabafar a quem? Arredios e acostumados a serem tra\u00eddos, inteligentemente se calam. E sofrem. Gostariam de ter um amigo para conversar sobre sexo, dificuldades com a esposa, tenta\u00e7\u00f5es, finan\u00e7as, problemas pessoais, mas sofrem, ignotos, temendo o colega infido &#8211; infiel. Imaginam que podem ser tra\u00eddos e prejudicados. Que diferen\u00e7a a confiss\u00e3o de pecados que os novi\u00e7os e monges faziam ao seu superior nos mosteiros! Nada do que era confessado podia ser usado contra eles em ju\u00edzo. Depois que se confessava, seu superior se calava sem jamais poder usar da confiss\u00e3o de seu subalterno como prova de condena\u00e7\u00e3o em ju\u00edzo. Um superior quando sabia que o novi\u00e7o pecara contra a igreja n\u00e3o aceitava confiss\u00e3o, do contr\u00e1rio a pessoa n\u00e3o poderia ser questionada por ele no tribunal.<\/p>\n<p style=\"text-align: justify;\">Na falta de confessores, os pastores digladiam-se internamente com seus traumas e pecados. Esquecem que a confiss\u00e3o traz alivio \u00e0 tens\u00e3o, desabafa sentimentos, cura e traz paz interior. A confiss\u00e3o e as l\u00e1grimas ajudam o pastor a sentir que \u00e9 humano, ao mesmo tempo em que \u00e9 espiritual. A confiss\u00e3o afasta a caligem e impede que o obreiro se torne biltre e mendaz.<\/p>\n<p style=\"text-align: justify;\">O verdadeiro l\u00edder encontra noutro l\u00edder, apoio, pois ambos reconhecem a fragilidade e a tend\u00eancia ao pecado do ser humano. O verdadeiro l\u00edder entende que as pessoas vivem na fraqueza, e ele tamb\u00e9m sabe que vive as mesmas fraquezas.<\/p>\n<p style=\"text-align: justify;\">As Escrituras n\u00e3o escondem as fraquezas e as tenta\u00e7\u00f5es dos homens de Deus, at\u00e9 dos mais \u00edntimos de Jeov\u00e1. No\u00e9, Abra\u00e3o, Mois\u00e9s, Davi, Elias e demais homens de Deus tiveram seus momentos de fraqueza, e alguns deles s\u00e3o vistos em momentos de depress\u00e3o, e quando o escritor aos hebreus deles se utiliza para falar da f\u00e9, n\u00e3o menciona, em momento algum suas fraquezas, mas a f\u00e9 e a perseveran\u00e7a que lhes levou a obter o galard\u00e3o. Todos tiveram temores. Sara, a esposa de Abra\u00e3o n\u00e3o creu \u2013 e, no entanto aparece em Hebreus como mulher de f\u00e9! Algumas daquelas fraquezas s\u00e3o imperdo\u00e1veis e inadmiss\u00edveis hoje pela lideran\u00e7a de certas denomina\u00e7\u00f5es.<\/p>\n<p style=\"text-align: justify;\">Que pastor n\u00e3o tem um exemplo de trai\u00e7\u00e3o, de um obreiro que agiu de sol\u00e9rcia \u2013 de ardileza a relatar? Quem transmitiu ao rebanho a id\u00e9ia de que n\u00f3s, pastores vivemos do g\u00e1udio e do j\u00fabilo apenas? Por que o rebanho imagina que o pastor e seu b\u00e1culo com seu aspecto dominante s\u00e3o intoc\u00e1veis? Todos temos fraquezas.<\/p>\n<p style=\"text-align: justify;\">Podemos recender ao perfume de Deus, ao brilho de sua gl\u00f3ria, mas Deus sempre deixa um qu\u00ea de imperfei\u00e7\u00e3o para manter-nos humildes diante dele. Na vida familiar uma esposa que n\u00e3o acompanha o obreiro ministerialmente, um filho que se desvia; um neg\u00f3cio que emperra; uma cal\u00fania que nos atordoa; um pecado do qual n\u00e3o conseguimos nos desvencilhar; qualquer coisa, para que nos envergonhemos de nossa imperfei\u00e7\u00e3o. O pastor &#8211; quando olha para o espelho e v\u00ea refletido nele a gl\u00f3ria de Deus tem a tend\u00eancia de se exaltar, mas ao olhar para si mesmo, percebe que a gl\u00f3ria de Deus que sobre ele est\u00e1 acentua sua imperfei\u00e7\u00e3o, e se p\u00f5e a chorar!<\/p>\n<p style=\"text-align: justify;\">Paulo tinha uma fraqueza; todos temos fraquezas. Os santos caminham com fraquezas. Sempre que pensava em contar vantagens &#8211; gloriar-se &#8211; um mensageiro de Satan\u00e1s esbofeteava a Paulo. Creio que esse espinho na carne n\u00e3o era uma doen\u00e7a f\u00edsica, mas alguma coisa no mundo espiritual. J\u00e1 que vis\u00f5es, sonhos e revela\u00e7\u00f5es est\u00e3o bem acima do natural, esse espinho, bem como o dem\u00f4nio que o atormentava situavam-se numa esfera espiritual. Deixe-me dizer isto: certas marcas de pecado jazem em nossa mente a fim de lembrar-nos de que somos salvos e vivemos por causa da gra\u00e7a de Deus. Paulo orou tr\u00eas vezes &#8211; mas Deus n\u00e3o afastou a imagem que o oprimia. Deus conhece a fraqueza de Paulo e indica-lhe que ter\u00e1 de conviver com ela toda a vida. A resposta de Deus? &#8220;A minha gra\u00e7a te basta, porque o poder se aperfei\u00e7oa na fraqueza. De boa vontade, pois, mais me gloriarei nas fraquezas, para que sobre mim repouse o poder de Cristo&#8230;&#8221; (2 Co 12.9).<\/p>\n<p style=\"text-align: justify;\">&#8220;Temos, por\u00e9m, este tesouro em vasos de barro, para que a excel\u00eancia do poder seja de Deus e n\u00e3o de n\u00f3s&#8221; (2 Co 4.7). Meu colega pastor deixe-me dizer uma coisa: A gl\u00f3ria de Deus somente opera em vasos imperfeitos. E nossa imperfei\u00e7\u00e3o est\u00e1 ali, apontando para n\u00f3s, dizendo-nos que precisamos de Deus, sempre! Deus deixa certas falhas nos seus filhos para que aprendam a depender exclusivamente dele. A gl\u00f3ria e a gra\u00e7a de Deus v\u00eam sobre n\u00f3s escondendo nossas fraquezas. Assim como os p\u00e9s dos querubins eram p\u00e9s de bezerro, na descri\u00e7\u00e3o de Ezequiel &#8211; feios \u2013 mas brilham com a gl\u00f3ria de Deus, nosso caminhar \u00e9 santificado por sua gl\u00f3ria.<\/p>\n<p style=\"text-align: justify;\">Somos como o Mefibosete da B\u00edblia. Este neto de Saul, aleijado de ambos os p\u00e9s; este filho de J\u00f4natas \u00e9 agora trazido para a casa de Davi e com ele come \u00e0 mesa. Mas era aleijado! No entanto, suas pernas n\u00e3o eram vistas, ficavam encobertas sob as toalhas da mesma do rei! (2 Sm 9). Somos imperfeitos no nosso caminhar &#8211; temos p\u00e9s que n\u00e3o condizem com a natureza de gl\u00f3ria, estes, no entanto, t\u00eam suas imperfei\u00e7\u00f5es cobertas com o brilho da gl\u00f3ria de Deus!<\/p>\n<p style=\"text-align: justify;\">No meio das tribula\u00e7\u00f5es &#8211; sejam elas devido a erros cometidos, a falhas humanas ou vindas diretamente de Satan\u00e1s, o peso de gl\u00f3ria \u00e9 eterno, acima de toda compara\u00e7\u00e3o (2 Co 4.18). Porque a gl\u00f3ria que sobre n\u00f3s brilha vem de Deus. Apenas refletimos a gl\u00f3ria de Deus!<\/p>\n<p style=\"text-align: justify;\">Por isso, ao descrever este relato, fa\u00e7o-o na certeza de que n\u00e3o estou traindo algu\u00e9m que me confiou seus temores. A pessoa em quest\u00e3o pode ser voc\u00ea mesmo que me l\u00ea. A que me refiro est\u00e1 velha demais para se importar com o fato. Viajo e ministro com pastores de todas as igrejas e de todas as denomina\u00e7\u00f5es. Alguns homens de Deus abrem sua vida comigo \u00e0 busca de solu\u00e7\u00f5es para seus problemas pessoais. E n\u00e3o posso trair a confian\u00e7a em mim depositada.<\/p>\n<p style=\"text-align: justify;\">O velho pastor abriu seu cora\u00e7\u00e3o comigo. Ele tinha perguntas e inquieta\u00e7\u00f5es n\u00e3o respondidas. Homem de minist\u00e9rio ilibado, reconhecido pela igreja, contou-me que lutou a vida toda contra as tend\u00eancias homossexuais que o perturbavam periodicamente. Aceitava-se como heterossexual, constitu\u00edra fam\u00edlia, mas n\u00e3o conseguia entender o por qu\u00ea das tenta\u00e7\u00f5es. Tivera uma experi\u00eancia ou outra quando mo\u00e7o, mas depois que se convertera \u2013 afirmou \u2013 jamais voltara a pr\u00e1ticas homossexuais por consider\u00e1-las pecado. As tenta\u00e7\u00f5es o assombravam continuamente. Jamais se livrou delas ao longo da vida.<\/p>\n<p style=\"text-align: justify;\">Sofrer tenta\u00e7\u00f5es sem pecar \u00e9 o segredo da vit\u00f3ria. Um hino da Harpa Crist\u00e3 de linda melodia, diz:<\/p>\n<p style=\"text-align: justify;\">Tentado n\u00e3o cedas; ceder \u00e9 pecar;<\/p>\n<p style=\"text-align: justify;\">Melhor e mais nobre, ser\u00e1 triunfar;<\/p>\n<p style=\"text-align: justify;\">Coragem \u00f3 crente! Domina teu mal<\/p>\n<p style=\"text-align: justify;\">Deus pode livrar-te, de queda fatal!<\/p>\n<p style=\"text-align: justify;\">\u00c9 uma alus\u00e3o ao texto de hebreus 4.15: \u201cPorque n\u00e3o temos sumo sacerdote que n\u00e3o possa compadecer-se das nossas fraquezas; antes, foi ele tentado em todas as coisas, \u00e0 nossa semelhan\u00e7a, mas sem pecado (&#8230;) e \u00e9 capaz de condoer-se dos ignorantes e dos que erram, pois tamb\u00e9m ele mesmo est\u00e1 rodeado de fraquezas\u201d.<\/p>\n<p style=\"text-align: justify;\">\u00c9 nesta confian\u00e7a, amado pastor, que confessamos ao Senhor nossas faltas, porque ele nos entende. \u00c0 semelhan\u00e7a do sumo sacerdote que vivia cercado de fraquezas e que precisava, ele mesmo fazer a purifica\u00e7\u00e3o de seus pecados antes de expiar os pecados do povo, tamb\u00e9m n\u00f3s precisamos entender que os colegas que nos cercam vivem rodeados de fraquezas, que erram, e, como n\u00f3s, s\u00e3o perdoados.<\/p>\n<p style=\"text-align: justify;\">O nosso Senhor Jesus assumiu a forma humana, \u201cpara ser misericordioso e fiel sumo sacerdote, nas coisas referentes a Deus e para fazer propicia\u00e7\u00e3o pelos pecados do povo. Pois, naquilo que ele mesmo sofreu, tendo sido tentado, \u00e9 poderoso para socorrer os que s\u00e3o tentados\u201d (Hb 2.17-18).<\/p>\n<p style=\"text-align: justify;\">Tenha um amigo. Abra seu cora\u00e7\u00e3o!<\/p>\n<p>&nbsp;<\/p>\n<p>Autor: <a href=\"https:\/\/www.pastorjoao.com.br\/\">Jo\u00e3o A. de Souza Filho<\/a><\/p>\n","protected":false},"excerpt":{"rendered":"<p>Pastores costumam ser pessoas solit\u00e1rias, por voca\u00e7\u00e3o. Conhe\u00e7o muitos pastores que t\u00eam amigos de verdade, e, no entanto, t\u00eam forte tend\u00eancia \u00e0 solid\u00e3o! A maior parte deles vive se remoendo,&hellip; <\/p>\n","protected":false},"author":1,"featured_media":2392,"comment_status":"open","ping_status":"open","sticky":false,"template":"","format":"standard","meta":{"footnotes":""},"categories":[15],"tags":[107,4],"class_list":["post-1035","post","type-post","status-publish","format-standard","has-post-thumbnail","hentry","category-joao-a-de-souza-filho","tag-autores-contemporaneos","tag-lideranca"],"_links":{"self":[{"href":"https:\/\/www.levandoapalavra.com\/123\/index.php?rest_route=\/wp\/v2\/posts\/1035","targetHints":{"allow":["GET"]}}],"collection":[{"href":"https:\/\/www.levandoapalavra.com\/123\/index.php?rest_route=\/wp\/v2\/posts"}],"about":[{"href":"https:\/\/www.levandoapalavra.com\/123\/index.php?rest_route=\/wp\/v2\/types\/post"}],"author":[{"embeddable":true,"href":"https:\/\/www.levandoapalavra.com\/123\/index.php?rest_route=\/wp\/v2\/users\/1"}],"replies":[{"embeddable":true,"href":"https:\/\/www.levandoapalavra.com\/123\/index.php?rest_route=%2Fwp%2Fv2%2Fcomments&post=1035"}],"version-history":[{"count":3,"href":"https:\/\/www.levandoapalavra.com\/123\/index.php?rest_route=\/wp\/v2\/posts\/1035\/revisions"}],"predecessor-version":[{"id":2393,"href":"https:\/\/www.levandoapalavra.com\/123\/index.php?rest_route=\/wp\/v2\/posts\/1035\/revisions\/2393"}],"wp:featuredmedia":[{"embeddable":true,"href":"https:\/\/www.levandoapalavra.com\/123\/index.php?rest_route=\/wp\/v2\/media\/2392"}],"wp:attachment":[{"href":"https:\/\/www.levandoapalavra.com\/123\/index.php?rest_route=%2Fwp%2Fv2%2Fmedia&parent=1035"}],"wp:term":[{"taxonomy":"category","embeddable":true,"href":"https:\/\/www.levandoapalavra.com\/123\/index.php?rest_route=%2Fwp%2Fv2%2Fcategories&post=1035"},{"taxonomy":"post_tag","embeddable":true,"href":"https:\/\/www.levandoapalavra.com\/123\/index.php?rest_route=%2Fwp%2Fv2%2Ftags&post=1035"}],"curies":[{"name":"wp","href":"https:\/\/api.w.org\/{rel}","templated":true}]}}