{"id":1057,"date":"2007-04-16T20:48:39","date_gmt":"2007-04-16T22:48:39","guid":{"rendered":"https:\/\/www.levandoapalavra.com\/123\/?p=1057"},"modified":"2010-12-16T20:49:18","modified_gmt":"2010-12-16T22:49:18","slug":"o-exemplo-dos-apostolos","status":"publish","type":"post","link":"https:\/\/www.levandoapalavra.com\/123\/?p=1057","title":{"rendered":"O Exemplo dos Ap\u00f3stolos"},"content":{"rendered":"<blockquote style=\"text-align: justify;\"><p>D\u00ea-me uma centena de  \t\t\t\t\t\tpregadores que nada temem a n\u00e3o ser o pecado, nada  \t\t\t\t\t\tdesejem a n\u00e3o ser Deus, e n\u00e3o me importa se s\u00e3o cl\u00e9rigos  \t\t\t\t\t\tou leigos; somente tais pessoas abalar\u00e3o os port\u00f5es do  \t\t\t\t\t\tinferno e estabelecer\u00e3o o reino dos c\u00e9us sobre a terra.  \t\t\t\t\t\tDeus nada fez a n\u00e3o ser em resposta \u00e0 ora\u00e7\u00e3o. \u2014 Jo\u00e3o Wesley<\/p><\/blockquote>\n<p style=\"text-align: justify;\">Os ap\u00f3stolos conheciam a  \t\t\t\t\tnecessidade e o valor da ora\u00e7\u00e3o para o seu minist\u00e9rio.  \t\t\t\t\tReconheceram que a sua nobre miss\u00e3o como ap\u00f3stolos, em lugar  \t\t\t\t\tde alivi\u00e1-los da necessidade de ora\u00e7\u00e3o, impelia-os a ela  \t\t\t\t\tcomo uma necessidade mais urgente; assim eles foram  \t\t\t\t\texcessivamente zelosos para que alguma outra tarefa  \t\t\t\t\timportante n\u00e3o viesse esgotar seu tempo e impedisse a sua  \t\t\t\t\tora\u00e7\u00e3o como deviam fazer; assim, escolheram leigos para  \t\t\t\t\tcuidar dos deveres delicados e crescentes de ministrar aos  \t\t\t\t\tpobres, a fim de que eles (os ap\u00f3stolos) pudessem, sem  \t\t\t\t\tempecilho, \u201cperseverar na ora\u00e7\u00e3o e no minist\u00e9rio da palavra\u201d  \t\t\t\t\t(Atos 6:4). Colocaram a ora\u00e7\u00e3o em primeiro lugar e derem  \t\t\t\t\t\u00eanfase \u00e0 sua posi\u00e7\u00e3o com respeito \u00e0 ora\u00e7\u00e3o, \u201centregaram-se a  \t\t\t\t\tela\u201d, tornando-a uma tarefa, sujeitando-se a ela, dando-lhe  \t\t\t\t\tfervor, urg\u00eancia, perseveran\u00e7a e tempo.<\/p>\n<p style=\"text-align: justify;\">Como os santos ap\u00f3stolos se  \t\t\t\t\tdevotaram a este divino trabalho de ora\u00e7\u00e3o! \u201cOrando  \t\t\t\t\tabundantemente dia e noite\u201d, diz Paulo. \u201cMas n\u00f3s  \t\t\t\t\tperseveraremos na ora\u00e7\u00e3o&#8230;\u201d foi a resolu\u00e7\u00e3o dos dedicados  \t\t\t\t\tap\u00f3stolos.<\/p>\n<p style=\"text-align: justify;\">Como estes pregadores do Novo  \t\t\t\t\tTestamento se entregaram \u00e0 ora\u00e7\u00e3o pelo povo de Deus! Como  \t\t\t\t\tapresentaram Deus \u00e0s suas igrejas, com toda plenitude, por  \t\t\t\t\tsuas ora\u00e7\u00f5es! Estes santos ap\u00f3stolos n\u00e3o tinham a presun\u00e7\u00e3o  \t\t\t\t\tde que haviam satisfeito seus altos e solenes deveres pela  \t\t\t\t\tentrega fiel da Palavra de Deus, mas sua prega\u00e7\u00e3o, pelo  \t\t\t\t\tardor e insist\u00eancia de suas ora\u00e7\u00f5es, ficou gravada nas  \t\t\t\t\tmentes dos ouvintes e produziu efeitos.<\/p>\n<p style=\"text-align: justify;\">A ora\u00e7\u00e3o apost\u00f3lica era t\u00e3o  \t\t\t\t\tdeterminante, \u00e1rdua e imperativa como a prega\u00e7\u00e3o. Oravam  \t\t\t\t\tpoderosamente, de dia e de noite para trazer seu povo aos  \t\t\t\t\tlugares mais altos da f\u00e9 e santidade. Oravam mais  \t\t\t\t\tpoderosamente para conserv\u00e1-lo nesta atitude espiritual. O  \t\t\t\t\tpregador que nunca aprendeu, na escola de Cristo, a nobre e  \t\t\t\t\tdivina arte da intercess\u00e3o pelo seu povo, nunca aprender\u00e1 a  \t\t\t\t\tarte da prega\u00e7\u00e3o, mesmo que conhe\u00e7a muito bem as regras da  \t\t\t\t\thomil\u00e9tica e seja o mais dotado g\u00eanio da confec\u00e7\u00e3o do serm\u00e3o  \t\t\t\t\te na transmiss\u00e3o.<\/p>\n<p style=\"text-align: justify;\">As ora\u00e7\u00f5es dos santos l\u00edderes  \t\t\t\t\tapost\u00f3licos fizeram muito para tornar santos aqueles que n\u00e3o  \t\t\t\t\teram ap\u00f3stolos. Se os l\u00edderes da Igreja, nos anos  \t\t\t\t\tposteriores tivessem sido t\u00e3o cuidadosos e fervorosos em  \t\t\t\t\tsuas ora\u00e7\u00f5es pelo seu povo, como os ap\u00f3stolos, os tempos  \t\t\t\t\ttristes e tenebrosos do mundanismo e apostasia n\u00e3o teriam  \t\t\t\t\tmanchado a hist\u00f3ria, ofuscado a gl\u00f3ria e detido o avan\u00e7o  \t\t\t\t\tpela Igreja. A ora\u00e7\u00e3o apost\u00f3lica faz santos apost\u00f3licos e  \t\t\t\t\tconserva os tempos apost\u00f3licos de pureza e poder da Igreja.<\/p>\n<hr style=\"text-align: justify;\" \/>\n<p style=\"text-align: justify;\">Edward McKendree Bounds,  \t\t\t\t\tministro metodita e escritor devocional, nasceu em 15 de  \t\t\t\t\tAgosto de 1835 (em Shelby County, Missouri) e morreu em 24  \t\t\t\t\tde Agosto de 1913. Estudo direito e aos 21 anos de idade j\u00e1  \t\t\t\t\testava praticando a advocacia. Ap\u00f3s advogar por tr\u00eas anos,  \t\t\t\t\tcome\u00e7ou a pregar na Igreja Episcopal Metodista do Sul. No  \t\t\t\t\ttempo de seu pastorado em Brunswick, Misouri, foi declarada  \t\t\t\t\tuma guerra, e ele foi feito prisioneiro de guerra por  \t\t\t\t\trejeitar fazer o juramento de lealdade ao Governo Federal.  \t\t\t\t\tDepois de solto, ele serviu como capel\u00e3o do Quinto regimento  \t\t\t\t\tde Missouri [para o Ex\u00e9rcito Confederado] at\u00e9 o t\u00e9rmino da  \t\t\t\t\tguerra, quando capturado e mantido como prisioneiro em  \t\t\t\t\tNashville, Tennessee. Ap\u00f3s a guerra terminar, Bounds serviu  \t\t\t\t\tcomo pastor de igrejas em Tennessee, Alabama, e St. Louis,  \t\t\t\t\tMissouri&#8230;.Gastou os \u00faltimos dezessete anos de sua vida com  \t\t\t\t\tsua fam\u00edlia em Washington, Georgia, escrevendo seus \u201cLivros  \t\t\t\t\tsobre Vida Espiritual\u201d. Seu fervor e profunda devo\u00e7\u00e3o \u00e0  \t\t\t\t\tora\u00e7\u00e3o s\u00e3o misturados com uma influ\u00eancia da teologia  \t\t\t\t\tReformada, que \u00e9 evidente em suas muitas obras. T\u00edtulos:  \t\t\t\t\tEssentials of Prayer; The Necessity of Prayer; Obtaining  \t\t\t\t\tAnswers to Prayers; The Possibilities of Prayer; Power  \t\t\t\t\tThrough Prayer; Purpose in Prayer; The Reality of Prayer;  \t\t\t\t\tWinning the Invisible War .<\/p>\n","protected":false},"excerpt":{"rendered":"<p>D\u00ea-me uma centena de pregadores que nada temem a n\u00e3o ser o pecado, nada desejem a n\u00e3o ser Deus, e n\u00e3o me importa se s\u00e3o cl\u00e9rigos ou leigos; somente tais&hellip; <\/p>\n","protected":false},"author":1,"featured_media":0,"comment_status":"open","ping_status":"open","sticky":false,"template":"","format":"standard","meta":{"footnotes":""},"categories":[47],"tags":[],"class_list":["post-1057","post","type-post","status-publish","format-standard","hentry","category-e-m-bounds"],"_links":{"self":[{"href":"https:\/\/www.levandoapalavra.com\/123\/index.php?rest_route=\/wp\/v2\/posts\/1057","targetHints":{"allow":["GET"]}}],"collection":[{"href":"https:\/\/www.levandoapalavra.com\/123\/index.php?rest_route=\/wp\/v2\/posts"}],"about":[{"href":"https:\/\/www.levandoapalavra.com\/123\/index.php?rest_route=\/wp\/v2\/types\/post"}],"author":[{"embeddable":true,"href":"https:\/\/www.levandoapalavra.com\/123\/index.php?rest_route=\/wp\/v2\/users\/1"}],"replies":[{"embeddable":true,"href":"https:\/\/www.levandoapalavra.com\/123\/index.php?rest_route=%2Fwp%2Fv2%2Fcomments&post=1057"}],"version-history":[{"count":0,"href":"https:\/\/www.levandoapalavra.com\/123\/index.php?rest_route=\/wp\/v2\/posts\/1057\/revisions"}],"wp:attachment":[{"href":"https:\/\/www.levandoapalavra.com\/123\/index.php?rest_route=%2Fwp%2Fv2%2Fmedia&parent=1057"}],"wp:term":[{"taxonomy":"category","embeddable":true,"href":"https:\/\/www.levandoapalavra.com\/123\/index.php?rest_route=%2Fwp%2Fv2%2Fcategories&post=1057"},{"taxonomy":"post_tag","embeddable":true,"href":"https:\/\/www.levandoapalavra.com\/123\/index.php?rest_route=%2Fwp%2Fv2%2Ftags&post=1057"}],"curies":[{"name":"wp","href":"https:\/\/api.w.org\/{rel}","templated":true}]}}