{"id":1165,"date":"2008-12-16T22:38:15","date_gmt":"2008-12-17T00:38:15","guid":{"rendered":"https:\/\/www.levandoapalavra.com\/123\/?p=1165"},"modified":"2010-12-16T22:40:01","modified_gmt":"2010-12-17T00:40:01","slug":"biografia-8","status":"publish","type":"post","link":"https:\/\/www.levandoapalavra.com\/123\/?p=1165","title":{"rendered":"Biografia"},"content":{"rendered":"<p><a href=\"https:\/\/www.levandoapalavra.com\/123\/wp-content\/uploads\/spurgeon.jpg\"><img loading=\"lazy\" decoding=\"async\" class=\"alignnone size-full wp-image-1166\" title=\"spurgeon\" src=\"https:\/\/www.levandoapalavra.com\/123\/wp-content\/uploads\/spurgeon.jpg\" alt=\"\" width=\"130\" height=\"193\" srcset=\"https:\/\/www.levandoapalavra.com\/123\/wp-content\/uploads\/spurgeon.jpg 130w, https:\/\/www.levandoapalavra.com\/123\/wp-content\/uploads\/spurgeon-101x150.jpg 101w\" sizes=\"auto, (max-width: 130px) 100vw, 130px\" \/><\/a><\/p>\n<p><span style=\"color: #ff9900; font-size: medium;\">(1834-1892)<\/span><\/p>\n<p>NASCE em  \t\t\t\t\tKelvedon, Essex, Inglaterra, em 19 de Junho de 1834.<\/p>\n<p>NOVO  \t\t\t\t\tNASCIMENTO em Colchester, em 06 de Janeiro de 1850.<\/p>\n<p>Se  \t\t\t\t\tconverte num BATISTA, em 03 de Maio de 1850. (\u00c9 batizado no  \t\t\t\t\tRio Lark, em Isleham).<\/p>\n<p>Prega seu  \t\t\t\t\tPRIMEIRO SERM\u00c3O, na casa de uma fam\u00edlia rural em Teversham,  \t\t\t\t\t1850.<\/p>\n<p>Prega seu  \t\t\t\t\tprimeiro serm\u00e3o na Capela Batista WATERBEACH, em 12 de  \t\t\t\t\tOutubro de 1851.<\/p>\n<p>Prega seu  \t\t\t\t\tprimeiro serm\u00e3o na Capela New Park Street, Londres, em 18 de  \t\t\t\t\tDezembro de 1853.<\/p>\n<p>Aceita o  \t\t\t\t\tPASTORADO da Capela New Park Street, Londres, em 28 de Abril  \t\t\t\t\tde 1854 (ent\u00e3o com 232 membros).<\/p>\n<p>Primeiro  \t\t\t\t\tserm\u00e3o PUBLICADO no New Park Street Pulpit, em 07 de Janeiro  \t\t\t\t\tde 1855.<\/p>\n<p>MATRIM\u00d4NIO com Susanah Thompson (nascida em 15\/01\/1832) em  \t\t\t\t\t08 de Janeiro de 1855.<\/p>\n<p>VIAGEM DE  \t\t\t\t\tBODAS por 10 dias \u00e0 Paris, Fran\u00e7a, do matrim\u00f4nio de  \t\t\t\t\tSpurgeon, na primavera de 1856.<\/p>\n<p>Inicia o  \t\t\t\t\tComit\u00ea para a constru\u00e7\u00e3o do TABERN\u00c1CULO METROPOLITANO, em  \t\t\t\t\tJunho de 1856.<\/p>\n<p>FILHOS  \t\t\t\t\tG\u00caMEOS (n\u00e3o id\u00eanticos) Thomas e Charles, nascidos em 20 de  \t\t\t\t\tSetembro de 1856.<\/p>\n<p>Estabelece o THE PASTOR&#8217;S COLLEGE em 1856, que se expande em  \t\t\t\t\t1857.<\/p>\n<p>INAUGURA\u00c7\u00c3O do Tabern\u00e1culo Metropolitano, com uma Reuni\u00e3o de  \t\t\t\t\tOra\u00e7\u00e3o, em 18 de Mar\u00e7o de 1861.<\/p>\n<p>\u00c9 fundada  \t\t\t\t\ta Associa\u00e7\u00e3o dos COLPORTOTES (distribui\u00e7\u00e3o de livros) do  \t\t\t\t\tTabern\u00e1culo Metropolitano, em 1866.<\/p>\n<p>\u00c9 fundado  \t\t\t\t\to Orfanato Stockwell (para meninos), em 1867. A primeira  \t\t\t\t\tpedra foi lan\u00e7ada em 9 de Setembro de 1869.<\/p>\n<p>\u00c9 posta a  \t\t\t\t\tprimeira pedra pelo Di\u00e1cono Thomas Olney para o EDIF\u00cdCIO do  \t\t\t\t\tThe Pastor&#8217;s College (a constru\u00e7\u00e3o terminou em Mar\u00e7o de  \t\t\t\t\t1868).<\/p>\n<p>S\u00e3o  \t\t\t\t\tiniciadas suas f\u00e9rias anuais no sul da Fran\u00e7a, para descanso  \t\t\t\t\te recupera\u00e7\u00e3o, em Dezembro de 1871.<\/p>\n<p>S\u00e3o  \t\t\t\t\tagregados 571 membros em Fevereiro de 1873, para uma  \t\t\t\t\tmembresia total de 4.417.<\/p>\n<p>\u00c9  \t\t\t\t\tcolocada a primeira pedra para um novo edif\u00edcio do The  \t\t\t\t\tPastor&#8217;s College, em 14 de Outubro de 1873.<\/p>\n<p>\u00c9  \t\t\t\t\tinaugurado o FUNDO PARA LIVROS da Senhora Spurgeon, em 1875.<\/p>\n<p>Apresenta\u00e7\u00e3o da lembran\u00e7a pelas BODAS DE PRATA pastorais, em  \t\t\t\t\t20 de Maio de 1879.<\/p>\n<p>\u00c9 fundado  \t\t\t\t\to Orfanato Stockwell (para meninas), em 1879. A primeira  \t\t\t\t\tpedra foi lan\u00e7ada em 22 de Junho de 1880.<\/p>\n<p>CELEBRA\u00c7\u00d5ES POR SEU JUBILEU e reconhecimentos, em 18 e 19 de  \t\t\t\t\tJunho de 1884.<\/p>\n<p>Primeiro  \t\t\t\t\tartigo da Controv\u00e9rsia do Decl\u00ednio\u201d publicado na revista A  \t\t\t\t\tEspada e a Colher\u201d, em agosto de 1887.<\/p>\n<p>Morre  \t\t\t\t\tELIZA, a m\u00e3e de Spurgeon, com a idade de 75 anos, em 1888.<\/p>\n<p>\u00daLTIMO  \t\t\t\t\tSERM\u00c3O pronunciado no Tabern\u00e1culo Metropolitano, em 07 de  \t\t\t\t\tJunho de 1891.<\/p>\n<p>&#8211; Durante  \t\t\t\t\tseu Pastorado, foram batizados e se uniram ao Tabern\u00e1culo  \t\t\t\t\t14.692 irm\u00e3os.<\/p>\n<p>&#8211; No  \t\t\t\t\tfinal do ano de 1891 a membresia contava com 5.311 (a  \t\t\t\t\tcapacidade do Tabern\u00e1culo era de 6.000, com 5.500 assentos,  \t\t\t\t\t500 de p\u00e9; as dimens\u00f5es: 44.5 m de largura, 25 m de  \t\t\t\t\tcomprimento, 21 m de altura).<\/p>\n<p>Sofre  \t\t\t\t\tmuito pelas dores e enfermidades durante os meses de Junho e  \t\t\t\t\tJulho de 1891.<\/p>\n<p>Viaja de  \t\t\t\t\tnovo (pela \u00faltima vez) para MENTON, Fran\u00e7a, em 26 de Outubro  \t\t\t\t\tde 1891.<\/p>\n<p>Nesse  \t\t\t\t\tlugar, ADOECE GRAVEMENTE pela combina\u00e7\u00e3o sofrida e duradoura  \t\t\t\t\tde reumatismo, gota e enfermidade de Bright (rins).<\/p>\n<p>Ainda  \t\t\t\t\tdescansando em Menton, finalmente CAI DE CAMA, em 20 de  \t\t\t\t\tJaneiro de 1892.<\/p>\n<p>O corpo  \t\t\t\t\tde Spurgeon MORRE, mas seu esp\u00edrito entra na GL\u00d3RIA, em 31  \t\t\t\t\tde Janeiro de 1892.<\/p>\n<p>\u00c9  \t\t\t\t\tsepultado no cemit\u00e9rio de Norwood, em 11 de Fevereiro de  \t\t\t\t\t1892.<\/p>\n<p>Seu irm\u00e3o  \t\t\t\t\tJAMES (Pastor Assistente do Tabern\u00e1culo), morre com a idade  \t\t\t\t\tde 61 anos, em 22 de Mar\u00e7o de 1899.<\/p>\n<p>Seu pai  \t\t\t\t\t(e Pastor) JOHN, de quase 92 anos, morre em 14 de Junho de  \t\t\t\t\t1902.<\/p>\n<p>Sua  \t\t\t\t\tesposa (e colaboradora) SUSANAH, morre aos 71 anos, em 22 de  \t\t\t\t\tOutubro de 1903.<\/p>\n<p>Seu filho  \t\t\t\t\t(e Pastor) THOMAS, morre aos 61 anos, em 17 de Outubro de  \t\t\t\t\t1917.<\/p>\n<p style=\"text-align: justify;\">Seu filho  \t\t\t\t\t(e Pastor) CHARLES, morre aos 70 anos, em 13 de Dezembro de  \t\t\t\t\t1926.<\/p>\n<p style=\"text-align: justify;\">\n<p><span style=\"color: #808080;\">Professor  \t\t\t\t\tRobert H. Ellison<\/span><\/p>\n","protected":false},"excerpt":{"rendered":"<p>(1834-1892) NASCE em Kelvedon, Essex, Inglaterra, em 19 de Junho de 1834. NOVO NASCIMENTO em Colchester, em 06 de Janeiro de 1850. Se converte num BATISTA, em 03 de Maio&hellip; <\/p>\n","protected":false},"author":1,"featured_media":0,"comment_status":"open","ping_status":"open","sticky":false,"template":"","format":"standard","meta":{"footnotes":""},"categories":[3],"tags":[62],"class_list":["post-1165","post","type-post","status-publish","format-standard","hentry","category-charles-haddon-spurgeon","tag-historia"],"_links":{"self":[{"href":"https:\/\/www.levandoapalavra.com\/123\/index.php?rest_route=\/wp\/v2\/posts\/1165","targetHints":{"allow":["GET"]}}],"collection":[{"href":"https:\/\/www.levandoapalavra.com\/123\/index.php?rest_route=\/wp\/v2\/posts"}],"about":[{"href":"https:\/\/www.levandoapalavra.com\/123\/index.php?rest_route=\/wp\/v2\/types\/post"}],"author":[{"embeddable":true,"href":"https:\/\/www.levandoapalavra.com\/123\/index.php?rest_route=\/wp\/v2\/users\/1"}],"replies":[{"embeddable":true,"href":"https:\/\/www.levandoapalavra.com\/123\/index.php?rest_route=%2Fwp%2Fv2%2Fcomments&post=1165"}],"version-history":[{"count":0,"href":"https:\/\/www.levandoapalavra.com\/123\/index.php?rest_route=\/wp\/v2\/posts\/1165\/revisions"}],"wp:attachment":[{"href":"https:\/\/www.levandoapalavra.com\/123\/index.php?rest_route=%2Fwp%2Fv2%2Fmedia&parent=1165"}],"wp:term":[{"taxonomy":"category","embeddable":true,"href":"https:\/\/www.levandoapalavra.com\/123\/index.php?rest_route=%2Fwp%2Fv2%2Fcategories&post=1165"},{"taxonomy":"post_tag","embeddable":true,"href":"https:\/\/www.levandoapalavra.com\/123\/index.php?rest_route=%2Fwp%2Fv2%2Ftags&post=1165"}],"curies":[{"name":"wp","href":"https:\/\/api.w.org\/{rel}","templated":true}]}}