{"id":1366,"date":"2007-04-17T13:59:03","date_gmt":"2007-04-17T15:59:03","guid":{"rendered":"https:\/\/www.levandoapalavra.com\/123\/?p=1366"},"modified":"2010-12-17T13:59:54","modified_gmt":"2010-12-17T15:59:54","slug":"canal-divino-de-poder","status":"publish","type":"post","link":"https:\/\/www.levandoapalavra.com\/123\/?p=1366","title":{"rendered":"Canal Divino de Poder"},"content":{"rendered":"<p><span style=\"color: #000000;\">Estamos  \t\t\tconstantemente empenhados, sen\u00e3o obcecados, em arquitetar novos  \t\t\tm\u00e9todos, novos planos e novas organiza\u00e7\u00f5es para fazer a Igreja  \t\t\tprogredir e assegurar a divulga\u00e7\u00e3o e a efici\u00eancia do Evangelho.<\/span><\/p>\n<p style=\"text-align: justify;\"><span style=\"color: #000000;\">Essa dire\u00e7\u00e3o  \t\t\thodierna tem a tend\u00eancia de perder a vis\u00e3o do homem ou afogar o  \t\t\thomem no plano ou na organiza\u00e7\u00e3o. O Plano de Deus \u00e9 usar o homem e  \t\t\tus\u00e1-lo muito mais do qualquer outra coisa. Homens s\u00e3o o m\u00e9todo de  \t\t\tDeus.<\/span><\/p>\n<p style=\"text-align: justify;\"><span style=\"color: #000000;\">A Igreja est\u00e1  \t\t\tprocurando m\u00e9todos melhores; Deus est\u00e1 buscando homens melhores.  \t\t\t\u201cHouve um homem enviado por Deus cujo nome era Jo\u00e3o\u201d (Jo.1:6). A  \t\t\tdispensa\u00e7\u00e3o que anunciou e preparou o caminho de Cristo, estava  \t\t\tconfiada \u00e0quele homem, Jo\u00e3o: \u201cUm menino nos nasceu, um filho se nos  \t\t\tdeu\u201d (Is. 9:6). A salva\u00e7\u00e3o do mundo se originou naquele Filho ainda  \t\t\tmenino. Paulo traz \u00e0 luz o segredo do \u00eaxito dos homens que  \t\t\tarraigaram o Evangelho no mundo quando p\u00f4s em relevo o car\u00e1ter  \t\t\tpessoal desses homens. A gl\u00f3ria e a efici\u00eancia do Evangelho dependem  \t\t\tdos homens que o proclamam. Quando Deus declara que \u201cquanto ao  \t\t\tSenhor, Seus olhos passam por toda a terra, para mostrar-se forte  \t\t\tpara com aqueles cujo cora\u00e7\u00e3o \u00e9 perfeito para com Ele\u201d (II Cr.  \t\t\t16:9), declara a necessidade de homens e o fato de Deus depender de  \t\t\thomens que sejam canais por meio dos quais exer\u00e7a Seu poder sobre o  \t\t\tmundo.<\/span><\/p>\n<p style=\"text-align: justify;\"><span style=\"color: #000000;\">Essa verdade  \t\t\tvital e urgente \u00e9 o que esta era das m\u00e1quinas tende a esquecer.  \t\t\tEsquec\u00ea-la \u00e9 funesto para a obra de Deus como seria desastroso se o  \t\t\tsol desaparecesse da ab\u00f3bada celestial. Seguir-se-iam trevas,  \t\t\tconfus\u00e3o e morte.<\/span><\/p>\n<p style=\"text-align: justify;\"><span style=\"color: #000000;\">O que a Igreja  \t\t\tnecessita n\u00e3o \u00e9 de mais e melhor maquinismo, de novas organiza\u00e7\u00f5es  \t\t\tou mais e novos m\u00e9todos, mas homens a quem o Esp\u00edrito Santo possa  \t\t\tusar \u2013 homens de ora\u00e7\u00e3o, homens poderosos na ora\u00e7\u00e3o. O Esp\u00edrito  \t\t\tSanto n\u00e3o se derrama atrav\u00e9s dos m\u00e9todos, mas por meio de homens.  \t\t\tN\u00e3o vem sobre maquinaria, mas sobre homens. N\u00e3o unge planos, mas  \t\t\thomens &#8211; homens de ora\u00e7\u00e3o.<\/span><\/p>\n<p style=\"text-align: justify;\"><span style=\"color: #000000;\">Um eminente  \t\t\thistoriador disse que os acidentes do car\u00e1ter pessoal t\u00eam mais a ver  \t\t\tcom as revolu\u00e7\u00f5es das na\u00e7\u00f5es do que os historiadores, fil\u00f3sofos ou  \t\t\tpol\u00edticos democr\u00e1ticos reconhecem. Essa verdade tem aplica\u00e7\u00e3o plena  \t\t\tno Evangelho de Cristo, ao car\u00e1ter e \u00e0 conduta dos seguidores de  \t\t\tCristo \u2013 Cristianiza o mundo e transforma na\u00e7\u00f5es e indiv\u00edduos.<\/span><\/p>\n<p style=\"text-align: justify;\"><span style=\"color: #000000;\">Em rela\u00e7\u00e3o aos  \t\t\tpregadores do Evangelho, \u00e9 eminentemente verdadeiro.<\/span><\/p>\n<p style=\"text-align: justify;\"><span style=\"color: #000000;\">Tanto o car\u00e1ter  \t\t\tcomo o sucesso do Evangelho est\u00e3o confiados ao pregador. Ele faz ou  \t\t\tdesfaz a mensagem de Deus ao homem. O pregador \u00e9 o canal de ouro  \t\t\tpelo qual o \u00f3leo divino flui. O canal deve ser n\u00e3o s\u00f3 dourado, mas  \t\t\ttamb\u00e9m aberto e sem rachaduras, para que o \u00f3leo flua bem, sem  \t\t\tobst\u00e1culo e sem desperd\u00edcio.<\/span><\/p>\n<p style=\"text-align: justify;\"><span style=\"color: #000000;\">O homem faz o  \t\t\tpregador. Deus deve fazer o homem. O mensageiro \u00e9, se poss\u00edvel, mais  \t\t\tdo que a mensagem. O pregador \u00e9 mais que o serm\u00e3o. O pregador faz o  \t\t\tserm\u00e3o. Como o leite nutridor do seio materno \u00e9 a pr\u00f3pria vida  \t\t\tmaterna, de igual modo tudo o que o pregador diz est\u00e1 matizado e  \t\t\timpregnado daquilo que o pregador \u00e9. O tesouro est\u00e1 nos vasos de  \t\t\tbarro e o sabor do vaso nele se impregna e pode descor\u00e1-lo. O homem,  \t\t\to homem todo, jaz atr\u00e1s do serm\u00e3o. A prega\u00e7\u00e3o n\u00e3o \u00e9 tarefa de uma  \t\t\thora. \u00c8 manifesta\u00e7\u00e3o de uma vida. \u00c9 preciso vinte anos para fazer um  \t\t\tserm\u00e3o, porque s\u00e3o necess\u00e1rios vinte anos para formar o homem. O  \t\t\tverdadeiro serm\u00e3o \u00e9 uma obra de vida. O serm\u00e3o evoluiu porque o  \t\t\thomem se desenvolveu.<\/span><\/p>\n<p style=\"text-align: justify;\"><span style=\"color: #000000;\">O serm\u00e3o \u00e9  \t\t\tpoderoso, porque o homem tem poder. O serm\u00e3o \u00e9 santo porque o homem  \t\t\t\u00e9 santo. O serm\u00e3o est\u00e1 cheio de un\u00e7\u00e3o divina, porque o homem est\u00e1  \t\t\tcheio de un\u00e7\u00e3o divina.<\/span><\/p>\n<p style=\"text-align: justify;\"><span style=\"color: #000000;\">Paulo  \t\t\tdenominou-se \u201cMeu Evangelho\u201d; n\u00e3o que o tenha degradado por suas  \t\t\texcentricidades pessoais ou desviado por apropria\u00e7\u00e3o ego\u00edsta, mas o  \t\t\tEvangelho foi<\/span><\/p>\n<p style=\"text-align: justify;\"><span style=\"color: #000000;\">colocado no  \t\t\tcora\u00e7\u00e3o e no sangue do homem Paulo, como uma responsabilidade  \t\t\tpessoal, para ser executado pelas peculiaridades paulinas, a fim de  \t\t\ttraz\u00ea-lo em chamas e impulsion\u00e1-lo pela \u00edgnea energia da sua alma  \t\t\tardente. Os serm\u00f5es de Paulo \u2013 que eram eles? Onde est\u00e3o eles?  \t\t\tEsbo\u00e7os, fragmentos esparsos, flutuando no mar da inspira\u00e7\u00e3o! Mas, o  \t\t\thomem Paulo, maior que os seus serm\u00f5es, vive para sempre, em plena  \t\t\tforma, figura e estatura com sua m\u00e3o modeladora sobre a Igreja. A  \t\t\tprega\u00e7\u00e3o \u00e9 apenas uma voz. A voz silencia, o tema \u00e9 esquecido, o  \t\t\tserm\u00e3o apaga-se da mem\u00f3ria; no entanto, o pregador vive.<\/span><\/p>\n<p style=\"text-align: justify;\"><span style=\"color: #000000;\">O serm\u00e3o n\u00e3o pode  \t\t\televar-se em suas for\u00e7as vivificadoras acima do homem. Homens mortos  \t\t\tem tiram de si serm\u00f5es mortos e serm\u00f5es mortos matam. Tudo depende  \t\t\tdo car\u00e1ter espiritual do pregador. Sob a dispensa\u00e7\u00e3o judaica, o sumo  \t\t\tsacerdote trazia um frontal de ouro com a inscri\u00e7\u00e3o \u201cSantidade ao  \t\t\tSenhor\u201d em letras engastadas de j\u00f3ias. De igual modo, todo o  \t\t\tpregador no minist\u00e9rio de Cristo deve ser moldado e dominado por  \t\t\tessa mesma divisa sagrada. \u00c9 uma vergonha berrante ao minist\u00e9rio  \t\t\tcrist\u00e3o estar debaixo do sacerd\u00f3cio judaico na santidade de car\u00e1ter  \t\t\te na santidade de objetivo. Jonathan Edwards disse: \u201cEu continuei  \t\t\tcom minha busca intensa de mais santidade e conformidade com Cristo.  \t\t\tO c\u00e9u que eu desejava era o c\u00e9u de santidade\u201d.<\/span><\/p>\n<p style=\"text-align: justify;\"><span style=\"color: #000000;\">O Evangelho de  \t\t\tCristo n\u00e3o \u00e9 movido por ondas comuns. N\u00e3o tem o poder de  \t\t\tautopropaga\u00e7\u00e3o. Move-se como se movem os homens que tomaram o  \t\t\tencargo disso. O pregador deve personificar o Evangelho. As  \t\t\tcaracter\u00edsticas divinas e mais salientes do Evangelho devem estar  \t\t\tnele incorporadas. O poder do amor, que constrange, tem que estar no  \t\t\tpregador como uma for\u00e7a relevante, exc\u00eantrica, que domina todo e o  \t\t\tfaz esquecer-se de si mesmo. A energia da abnega\u00e7\u00e3o pr\u00f3pria tem que  \t\t\tconstituir seu ser, cora\u00e7\u00e3o, sangue e ossos. Ele deve seguir avante  \t\t\tentre homens como homem, revestido de humildade, cheio de brandura,  \t\t\tprudente como a serpente, simples como a pomba, reunindo em si a  \t\t\tsujei\u00e7\u00e3o de um escravo e o esp\u00edrito de um rei, um rei de figura  \t\t\tnobre, real e independente, e a simplicidade e do\u00e7ura de uma  \t\t\tcrian\u00e7a.<\/span><\/p>\n<p style=\"text-align: justify;\"><span style=\"color: #000000;\">O pregador tem de  \t\t\tlan\u00e7ar-se a si mesmo, com todo o abandono de uma f\u00e9 perfeita e esvaziada de si e  \t\t\tdum zelo que consome, \u00e0 sua obra pela salva\u00e7\u00e3o dos homens. Sinceros,  \t\t\ther\u00f3icos, compassivos e intimoratos m\u00e1rtires t\u00eam que ser os homens  \t\t\tque conquistam a gera\u00e7\u00e3o e a moldam para Deus. Se forem escravos do  \t\t\ttempo, oportunistas, agradadores de homens, sem t\u00eam respeito humano,  \t\t\tse sua f\u00e9 em Deus e Sua palavra tem pouca profundidade, se sua  \t\t\tabnega\u00e7\u00e3o pessoal \u00e9 quebrada por qualquer fase do \u201ceu\u201d ou do mundo,  \t\t\tn\u00e3o podem tomar conta nem da Igreja nem do mundo para Deus. A  \t\t\tprega\u00e7\u00e3o mais penetrante e forte do pregador deveria ser feita a si  \t\t\tmesmo. Sua obra mais dif\u00edcil, delicada, laboriosa e radical deve ser  \t\t\tconsigo. A instru\u00e7\u00e3o dos doze foi a grande, dif\u00edcil e paciente obra  \t\t\tde Cristo. Os pregadores n\u00e3o s\u00e3o produtores de serm\u00f5es, mas  \t\t\tformadores de homens e de santos e s\u00f3 quem fez de si mesmo um homem  \t\t\te um santo est\u00e1 bem instru\u00eddo para essa obra. N\u00e3o \u00e9 de grandes  \t\t\ttalentos, de grandes estudos ou de grandes pregadores que Deus  \t\t\tnecessita, mas de homens grandes em santidade, grandes em f\u00e9,  \t\t\tgrandes em amor, grandes em fidelidade, grandes para Deus \u2013 homens  \t\t\tque pregam sempre por meio de serm\u00f5es santos no p\u00falpito e por meio  \t\t\tde vidas santas fora do p\u00falpito. Esses podem moldar uma gera\u00e7\u00e3o para  \t\t\tDeus.<\/span><\/p>\n<p style=\"text-align: justify;\"><span style=\"color: #000000;\">Os primeiros  \t\t\tcrist\u00e3os foram formados segundo esse princ\u00edpio. Eram homens de  \t\t\ts\u00f3lida forma\u00e7\u00e3o, pregadores conforme o tipo celestial \u2013 her\u00f3icos,  \t\t\trijos, militantes e santos. Para eles, a prega\u00e7\u00e3o significa uma obra  \t\t\tde auto-abnega\u00e7\u00e3o, de autocrucifica\u00e7\u00e3o, s\u00e9ria, \u00e1rdua, e de m\u00e1rtir.  \t\t\tAplicaram-se a ela de tal modo que influ\u00edram na sua gera\u00e7\u00e3o e  \t\t\tformavam no seu seio uma gera\u00e7\u00e3o que haveria de nascer para Deus. O  \t\t\tpregador deve ser homem de ora\u00e7\u00e3o.<\/span><\/p>\n<p style=\"text-align: justify;\"><span style=\"color: #000000;\">A ora\u00e7\u00e3o \u00e9 a mais  \t\t\tpoderosa arma do pregador. \u00c9 em si mesmo uma for\u00e7a onipotente e d\u00e1  \t\t\tvida e for\u00e7a a tudo.<\/span><\/p>\n<p style=\"text-align: justify;\"><span style=\"color: #000000;\">O serm\u00e3o real \u00e9  \t\t\tfeito no recinto secreto. O homem \u2013 o homem de Deus \u2013 \u00e9 formado no  \t\t\trecinto secreto. Sua vida e suas mais profundas convic\u00e7\u00f5es nascem da  \t\t\tsua comunh\u00e3o secreta com Deus. Suas mensagens mais ricas e doces s\u00e3o  \t\t\talcan\u00e7adas quando est\u00e1 a s\u00f3s com Deus. A ora\u00e7\u00e3o faz o homem; a  \t\t\tora\u00e7\u00e3o faz o pregador; a ora\u00e7\u00e3o faz o pastor.<\/span><\/p>\n<p style=\"text-align: justify;\"><span style=\"color: #000000;\">O p\u00falpito de hoje  \t\t\t\u00e9 pobre em ora\u00e7\u00e3o. O orgulho da erudi\u00e7\u00e3o op\u00f5e-se \u00e0 humilde  \t\t\tdepend\u00eancia da ora\u00e7\u00e3o. A ora\u00e7\u00e3o do p\u00falpito \u00e9 por demais oficial \u2013 um  \t\t\tdesempenho na rotina do culto. Para o p\u00falpito moderno, a ora\u00e7\u00e3o n\u00e3o  \t\t\t\u00e9 mais a for\u00e7a poderosa como o era na vida e no minist\u00e9rio de Paulo.  \t\t\tTodo pregador que n\u00e3o faz da ora\u00e7\u00e3o um poderoso fator em sua pr\u00f3pria  \t\t\tvida e minist\u00e9rio \u00e9 fraco como agente no trabalho de Deus e  \t\t\timpotente para fazer prosperar a Sua causa neste mundo.<\/span><\/p>\n","protected":false},"excerpt":{"rendered":"<p>Estamos constantemente empenhados, sen\u00e3o obcecados, em arquitetar novos m\u00e9todos, novos planos e novas organiza\u00e7\u00f5es para fazer a Igreja progredir e assegurar a divulga\u00e7\u00e3o e a efici\u00eancia do Evangelho. Essa dire\u00e7\u00e3o&hellip; <\/p>\n","protected":false},"author":1,"featured_media":0,"comment_status":"open","ping_status":"open","sticky":false,"template":"","format":"standard","meta":{"footnotes":""},"categories":[47],"tags":[85],"class_list":["post-1366","post","type-post","status-publish","format-standard","hentry","category-e-m-bounds","tag-avivamento-uncao"],"_links":{"self":[{"href":"https:\/\/www.levandoapalavra.com\/123\/index.php?rest_route=\/wp\/v2\/posts\/1366","targetHints":{"allow":["GET"]}}],"collection":[{"href":"https:\/\/www.levandoapalavra.com\/123\/index.php?rest_route=\/wp\/v2\/posts"}],"about":[{"href":"https:\/\/www.levandoapalavra.com\/123\/index.php?rest_route=\/wp\/v2\/types\/post"}],"author":[{"embeddable":true,"href":"https:\/\/www.levandoapalavra.com\/123\/index.php?rest_route=\/wp\/v2\/users\/1"}],"replies":[{"embeddable":true,"href":"https:\/\/www.levandoapalavra.com\/123\/index.php?rest_route=%2Fwp%2Fv2%2Fcomments&post=1366"}],"version-history":[{"count":0,"href":"https:\/\/www.levandoapalavra.com\/123\/index.php?rest_route=\/wp\/v2\/posts\/1366\/revisions"}],"wp:attachment":[{"href":"https:\/\/www.levandoapalavra.com\/123\/index.php?rest_route=%2Fwp%2Fv2%2Fmedia&parent=1366"}],"wp:term":[{"taxonomy":"category","embeddable":true,"href":"https:\/\/www.levandoapalavra.com\/123\/index.php?rest_route=%2Fwp%2Fv2%2Fcategories&post=1366"},{"taxonomy":"post_tag","embeddable":true,"href":"https:\/\/www.levandoapalavra.com\/123\/index.php?rest_route=%2Fwp%2Fv2%2Ftags&post=1366"}],"curies":[{"name":"wp","href":"https:\/\/api.w.org\/{rel}","templated":true}]}}