{"id":1722,"date":"2011-03-26T18:08:00","date_gmt":"2011-03-26T20:08:00","guid":{"rendered":"https:\/\/www.levandoapalavra.com\/123\/?p=1722"},"modified":"2011-03-26T18:08:00","modified_gmt":"2011-03-26T20:08:00","slug":"homem-a-morada-de-deus","status":"publish","type":"post","link":"https:\/\/www.levandoapalavra.com\/123\/?p=1722","title":{"rendered":"Homem: A Morada de Deus"},"content":{"rendered":"<p style=\"text-align: justify;\"><span style=\"font-family: Book Antiqua; color: #000000;\"> <span style=\"font-family: Bookman Old Style;\">No profundo interior de cada homem h\u00e1 um         lugar sagrado e privado onde habita a misteriosa ess\u00eancia de seu         ser. Este profundo lugar \u00e9, na realidade, uma parte no homem sem         refer\u00eancia a qualquer outra parte da complexa natureza         do homem. Ela \u00e9 o &#8220;Eu Sou&#8221; do homem, um dom do EU SOU         que o criou.<\/span><\/span><\/p>\n<p style=\"text-align: justify;\"><span style=\"font-family: Bookman Old Style; color: #000000;\">O EU SOU que \u00e9 Deus n\u00e3o \u00e9 derivado de ningu\u00e9m       e \u00e9 auto-existente; o &#8220;Eu Sou&#8221; que \u00e9 homem \u00e9 derivado       de Deus e dependente cada momento de Seu criativo fiat para continua\u00e7\u00e3o       de sua exist\u00eancia. Um \u00e9 o Criador, Alt\u00edssimo sobre       todos, anci\u00e3o de dias, habitando na inacess\u00edvel luz. O outro \u00e9 uma       criatura e apesar de ser mais privilegiado do que outras, ainda \u00e9 apenas       uma criatura, um pensionista da generosidade de Deus e um suplicante diante       de Seu trono.<\/span><\/p>\n<p style=\"text-align: justify;\"><span style=\"font-family: Bookman Old Style; color: #000000;\">O profundo na entidade humana do qual falamos \u00e9 chamado nas Escrituras       de o esp\u00edrito do homem. &#8220;Pois, qual dos       homens entende as coisas do homem, sen\u00e3o o esp\u00edrito do homem que nele est\u00e1?       assim tamb\u00e9m as coisas de Deus, ningu\u00e9m as compreendeu, sen\u00e3o       o Esp\u00edrito de Deus&#8221; (1 Cor\u00edntios 2:11). Como o autoconhecimento       de Deus repousa no eterno Esp\u00edrito, assim tamb\u00e9m o autoconhecimento       do homem \u00e9 por seu pr\u00f3prio esp\u00edrito, e seu conhecimento       de Deus \u00e9 pela direta impress\u00e3o do Esp\u00edrito de Deus       sobre o esp\u00edrito do homem.<\/span><\/p>\n<p style=\"text-align: justify;\"><span style=\"font-family: Bookman Old Style; color: #000000;\">A import\u00e2ncia de tudo isto n\u00e3o         pode ser superestimada \u00e0 medida que pensamos, estudamos e oramos. Ela         revela a essencial espiritualidade       da humanidade. Ela nega que o homem \u00e9 uma criatura que possui um       esp\u00edrito e declara que ele \u00e9 um esp\u00edrito que tem um       corpo. O que o faz ser um ser humano n\u00e3o \u00e9 seu corpo, mas       seu esp\u00edrito, no qual a imagem de Deus originalmente repousa. <\/span><\/p>\n<p style=\"text-align: justify;\"><span style=\"font-family: Bookman Old Style; color: #000000;\"><br \/>\nUma das declara\u00e7\u00f5es mais libertadoras no Novo Testamento \u00e9 esta: &#8220;Mas       a hora vem, e agora \u00e9, em que os verdadeiros adoradores adorar\u00e3o       o Pai em esp\u00edrito e em verdade; porque o Pai procura a tais que       assim o adorem. Deus \u00e9 Esp\u00edrito, e \u00e9 necess\u00e1rio       que os que o adoram o adorem em esp\u00edrito e em verdade&#8221;. (Jo\u00e3o       4:23, 24) . Aqui a natureza da adora\u00e7\u00e3o \u00e9 mostrada       sendo completamente espiritual. A verdadeira religi\u00e3o \u00e9 despojada       de dieta e dias, de vestu\u00e1rios e cerim\u00f4nias, e posta onde       ela come\u00e7a &#8211; na uni\u00e3o do esp\u00edrito do homem com o Esp\u00edrito       de Deus,<\/span><\/p>\n<p style=\"text-align: justify;\"><span style=\"font-family: Bookman Old Style; color: #000000;\">Do ponto de vista do homem a perca mais tr\u00e1gica na Queda foi a       desocupa\u00e7\u00e3o deste santu\u00e1rio interno pelo Esp\u00edrito       de Deus. No remoto &#8211; no oculto centro do ser do homem h\u00e1 uma sar\u00e7a       adaptada para ser a morada do Deus Triuno. Ali Deus planejou descansar       e arder com fogo espiritual e moral. O homem por seu pecado perdeu este       indescrit\u00edvel privil\u00e9gio e deve agora habitar sozinho ali.       T\u00e3o intimamente privado \u00e9 o lugar que nenhuma criatura pode       penetrar; ningu\u00e9m pode entrar, exceto Cristo; e Ele entrar\u00e1 somente       por um convite da f\u00e9. &#8220;Eis que estou \u00e0 porta e bato;       se algu\u00e9m ouvir a minha voz, e abrir a porta, entrarei em sua casa,       e com ele cearei, e ele comigo&#8221; (Apocalipse 3:20).<\/span><\/p>\n<p style=\"text-align: justify;\"><span style=\"font-family: Bookman Old Style; color: #000000;\">Pela opera\u00e7\u00e3o misteriosa do Esp\u00edrito         no novo nascimento, o que \u00e9 chamado por Pedro de &#8220;natureza         divina&#8221; entra no       profundo &#8211; no centro do cora\u00e7\u00e3o do crente e estabelece morada       ali. &#8220;Se algu\u00e9m n\u00e3o tem o Esp\u00edrito       de Cristo, esse tal n\u00e3o \u00e9 dele&#8221;, porque &#8220;o       Esp\u00edrito       mesmo testifica com o nosso esp\u00edrito que somos filhos de Deus&#8221; (Romanos       8:9,16). Tal \u00e9 um verdadeiro Crist\u00e3o, e somente tal \u00e9.       Batismo, confirma\u00e7\u00e3o, o recebimento dos sacramentos, membresia       de igrejas &#8211; estes n\u00e3o significam nada, a menos que o supremo ato       de Deus na regenera\u00e7\u00e3o tamb\u00e9m ocorra. As exterioridades       religiosas podem ter um significado para a alma habitada por Deus; para       quaisquer outros elas n\u00e3o s\u00e3o somente in\u00fateis, mas       podem realmente se tornar armadilhas, ludibriando-os a um falso       e perigoso senso de seguran\u00e7a.<\/span><\/p>\n<p style=\"text-align: justify;\"><span style=\"font-family: Bookman Old Style; color: #000000;\"><br \/>\n&#8220;Guarda com toda a dilig\u00eancia o teu cora\u00e7\u00e3o&#8221; \u00e9 mais       do que um s\u00e1bio prov\u00e9rbio; ele \u00e9 uma solene ordena\u00e7\u00e3o       posta sobre n\u00f3s por Aquele que mais se importa conosco. Para isto       n\u00f3s devemos dar a mais diligente aten\u00e7\u00e3o a fim de       que n\u00e3o tropecemos a qualquer hora.<\/span><\/p>\n<p style=\"text-align: justify;\"><span style=\"font-family: Bookman Old Style; color: #000000;\">&#8212;&#8212;&#8212;&#8212;&#8212;&#8212;&#8212;-<br \/>\n<\/span><\/p>\n<p style=\"text-align: justify;\"><span style=\"font-family: Bookman Old Style;\"><span style=\"color: #000000;\">Tradu\u00e7\u00e3o livre: Felipe           Sabino de Ara\u00fajo Neto<\/span> <\/span><\/p>\n","protected":false},"excerpt":{"rendered":"<p>No profundo interior de cada homem h\u00e1 um lugar sagrado e privado onde habita a misteriosa ess\u00eancia de seu ser. Este profundo lugar \u00e9, na realidade, uma parte no homem&hellip; <\/p>\n","protected":false},"author":1,"featured_media":1723,"comment_status":"open","ping_status":"open","sticky":false,"template":"","format":"standard","meta":{"footnotes":""},"categories":[6],"tags":[],"class_list":["post-1722","post","type-post","status-publish","format-standard","has-post-thumbnail","hentry","category-a-w-tozer"],"_links":{"self":[{"href":"https:\/\/www.levandoapalavra.com\/123\/index.php?rest_route=\/wp\/v2\/posts\/1722","targetHints":{"allow":["GET"]}}],"collection":[{"href":"https:\/\/www.levandoapalavra.com\/123\/index.php?rest_route=\/wp\/v2\/posts"}],"about":[{"href":"https:\/\/www.levandoapalavra.com\/123\/index.php?rest_route=\/wp\/v2\/types\/post"}],"author":[{"embeddable":true,"href":"https:\/\/www.levandoapalavra.com\/123\/index.php?rest_route=\/wp\/v2\/users\/1"}],"replies":[{"embeddable":true,"href":"https:\/\/www.levandoapalavra.com\/123\/index.php?rest_route=%2Fwp%2Fv2%2Fcomments&post=1722"}],"version-history":[{"count":0,"href":"https:\/\/www.levandoapalavra.com\/123\/index.php?rest_route=\/wp\/v2\/posts\/1722\/revisions"}],"wp:featuredmedia":[{"embeddable":true,"href":"https:\/\/www.levandoapalavra.com\/123\/index.php?rest_route=\/wp\/v2\/media\/1723"}],"wp:attachment":[{"href":"https:\/\/www.levandoapalavra.com\/123\/index.php?rest_route=%2Fwp%2Fv2%2Fmedia&parent=1722"}],"wp:term":[{"taxonomy":"category","embeddable":true,"href":"https:\/\/www.levandoapalavra.com\/123\/index.php?rest_route=%2Fwp%2Fv2%2Fcategories&post=1722"},{"taxonomy":"post_tag","embeddable":true,"href":"https:\/\/www.levandoapalavra.com\/123\/index.php?rest_route=%2Fwp%2Fv2%2Ftags&post=1722"}],"curies":[{"name":"wp","href":"https:\/\/api.w.org\/{rel}","templated":true}]}}