{"id":23,"date":"2009-04-10T22:22:19","date_gmt":"2009-04-11T00:22:19","guid":{"rendered":"https:\/\/www.levandoapalavra.com\/123\/?p=23"},"modified":"2010-12-14T13:20:53","modified_gmt":"2010-12-14T15:20:53","slug":"entendendo-a-rhema%e2%80%a6","status":"publish","type":"post","link":"https:\/\/www.levandoapalavra.com\/123\/?p=23","title":{"rendered":"Entendendo a &#8220;Rhema&#8221;\u2026"},"content":{"rendered":"<p style=\"text-align: justify;\">Logos e  \t\t\t\tRhema<\/p>\n<p style=\"text-align: justify;\">\u2014 Em  \t\t\t\tgrego, o idioma em que se escreveu o Novo Testamento, existem  \t\t\t\tdois voc\u00e1bulos que se traduziram ao espanhol como \u201cpalavra\u201d. Um  \t\t\t\t\u00e9 \u2018logos\u2019, e o outro \u00e9 \u2018rhema\u2019. Embora o significado geral seja  \t\t\t\t\u201cpalavra\u201d, em grego os dois voc\u00e1bulos mencionados t\u00eam matizes  \t\t\t\tdiferentes, que o voc\u00e1bulo espanhol n\u00e3o reflete.<\/p>\n<p style=\"text-align: justify;\">\u2014  \t\t\t\t\u2018Logos\u2019 \u00e9 a Palavra de Deus que foi dita uma vez. \u2018Rhema\u2019 \u00e9 a  \t\t\t\tPalavra que foi dita pela segunda vez. A B\u00edblia inteira \u00e9 a  \t\t\t\tPalavra (logos) de Deus. \u00c9 o que Deus j\u00e1 falou na hist\u00f3ria, \u00e9 a  \t\t\t\tpalavra de verdade, uma revela\u00e7\u00e3o completa, cabal, da vontade de  \t\t\t\tDeus para o homem.<\/p>\n<p style=\"text-align: justify;\">\u2014 Mas a  \t\t\t\tB\u00edblia n\u00e3o \u00e9 a \u2018rhema\u2019 de Deus, porque a \u2018rhema\u2019 \u00e9 o que Deus  \t\t\t\tnos fala pela segunda vez, por meio do Esp\u00edrito Santo, em forma  \t\t\t\tespec\u00edfica ao nosso cora\u00e7\u00e3o. O \u2018logos\u2019 \u00e9 a Palavra objetiva; ao  \t\t\t\tcontr\u00e1rio a \u2018rhema\u2019 \u00e9 a Palavra subjetiva. Quando Maria recebeu  \t\t\t\ta visita do anjo, lhe trouxe a \u2018rhema\u2019 de Deus. Por isso Maria  \t\t\t\tp\u00f4de dizer: \u201cFa\u00e7a-se comigo conforme a sua palavra\u201d (\u2018rhema\u2019) (Lc.  \t\t\t\t1:38). Deus tinha falado a ela especificamente.<\/p>\n<p style=\"text-align: justify;\">\u2014 A  \t\t\t\t\u2018rhema\u2019 de Deus n\u00e3o \u00e9 independente do \u2018logos\u2019, pois se ap\u00f3ia  \t\t\t\tnele. Quando Deus nos fala de maneira espec\u00edfica, o Esp\u00edrito  \t\t\t\tSanto usar\u00e1 o \u2018logos\u2019 para faz\u00ea-lo, e o far\u00e1 aplicando-o \u00e0 nossa  \t\t\t\tsitua\u00e7\u00e3o presente. Um fragmento do \u2018logos\u2019 se transformar\u00e1 em  \t\t\t\t\u2018rhema\u2019 para n\u00f3s, e suprir\u00e1 nossa necessidade. Quando o Senhor  \t\t\t\trespondeu a Satan\u00e1s no deserto disse: \u201cN\u00e3o s\u00f3 de p\u00e3o viver\u00e1 o  \t\t\t\thomem, mas tamb\u00e9m de toda palavra (\u2019rhema\u2019) que sai da boca de  \t\t\t\tDeus\u201d (MT. 4:4). O Senhor tinha recebido a \u2018rhema\u2019 de Deus, esse  \t\t\t\tera seu alimento, portanto n\u00e3o precisava converter as pedras em  \t\t\t\tp\u00e3o.<\/p>\n<p style=\"text-align: justify;\">\u2014 S\u00e3o  \t\t\t\tas \u2018rhemas\u2019 de Deus os que nos alentam, exortam-nos,  \t\t\t\tedificam-nos. S\u00e3o as respostas de Deus, procedentes de sua  \t\t\t\tPalavra, que nos enchem o cora\u00e7\u00e3o de certeza, gozo e paz.<\/p>\n<p style=\"text-align: justify;\">\u2014 Como  \t\t\t\ta igreja \u00e9 purificada hoje das impurezas do mundo? \u201cPela lavagem  \t\t\t\tda \u00e1gua pela palavra\u201d (\u2018rhema\u2019) (Ef.5:26). Que importante \u00e9!  \t\t\t\tQuanto necessitamos das \u2018rhemas\u2019 de Deus!<\/p>\n<p style=\"text-align: justify;\">\u2014  \t\t\t\tAgora, como obter estes \u2018rhemas\u2019? Primeiro, devemos estar muito  \t\t\t\tfamiliarizados com o \u2018logos\u2019. Temos que encher nossa mente e  \t\t\t\tnosso cora\u00e7\u00e3o com a B\u00edblia; assim, o Esp\u00edrito Santo ter\u00e1 muito o  \t\t\t\tque lan\u00e7ar m\u00e3o para nos falar em situa\u00e7\u00f5es determinadas. O  \t\t\t\tEsp\u00edrito Santo tomar\u00e1 a letra da Palavra (o \u2018logos\u2019) e a  \t\t\t\ttransformar\u00e1 em esp\u00edrito, pois a Palavra (a \u2018rhema\u2019) \u00e9 esp\u00edrito  \t\t\t\te vida, \u00e9 a Palavra viva de Deus.<\/p>\n<p style=\"text-align: justify;\">\u2014Se nos  \t\t\t\tabrirmos a Palavra de Deus (o \u2018logos\u2019), para que abunde em nosso  \t\t\t\tcora\u00e7\u00e3o, as rhemas abundar\u00e3o tamb\u00e9m em nossa vida, e assim a  \t\t\t\tPalavra de Deus paulatinamente se ir\u00e1 encarnando em n\u00f3s. Quer  \t\t\t\tdizer, iremos sendo transformados na mesma imagem de nosso  \t\t\t\tSenhor Jesus Cristo. Para concluir a \u201crhema\u201d\u00a0\u00e9 a revela\u00e7\u00e3o dada  \t\t\t\tpelo Esp\u00edrito Santo de Deus; \u00e0quilo que transcende a Palavra  \t\t\t\tescrita.<\/p>\n","protected":false},"excerpt":{"rendered":"<p>Logos e Rhema \u2014 Em grego, o idioma em que se escreveu o Novo Testamento, existem dois voc\u00e1bulos que se traduziram ao espanhol como \u201cpalavra\u201d. Um \u00e9 \u2018logos\u2019, e o&hellip; <\/p>\n","protected":false},"author":1,"featured_media":0,"comment_status":"open","ping_status":"open","sticky":false,"template":"","format":"standard","meta":{"footnotes":""},"categories":[1],"tags":[4],"class_list":["post-23","post","type-post","status-publish","format-standard","hentry","category-sem-categoria","tag-lideranca"],"_links":{"self":[{"href":"https:\/\/www.levandoapalavra.com\/123\/index.php?rest_route=\/wp\/v2\/posts\/23","targetHints":{"allow":["GET"]}}],"collection":[{"href":"https:\/\/www.levandoapalavra.com\/123\/index.php?rest_route=\/wp\/v2\/posts"}],"about":[{"href":"https:\/\/www.levandoapalavra.com\/123\/index.php?rest_route=\/wp\/v2\/types\/post"}],"author":[{"embeddable":true,"href":"https:\/\/www.levandoapalavra.com\/123\/index.php?rest_route=\/wp\/v2\/users\/1"}],"replies":[{"embeddable":true,"href":"https:\/\/www.levandoapalavra.com\/123\/index.php?rest_route=%2Fwp%2Fv2%2Fcomments&post=23"}],"version-history":[{"count":0,"href":"https:\/\/www.levandoapalavra.com\/123\/index.php?rest_route=\/wp\/v2\/posts\/23\/revisions"}],"wp:attachment":[{"href":"https:\/\/www.levandoapalavra.com\/123\/index.php?rest_route=%2Fwp%2Fv2%2Fmedia&parent=23"}],"wp:term":[{"taxonomy":"category","embeddable":true,"href":"https:\/\/www.levandoapalavra.com\/123\/index.php?rest_route=%2Fwp%2Fv2%2Fcategories&post=23"},{"taxonomy":"post_tag","embeddable":true,"href":"https:\/\/www.levandoapalavra.com\/123\/index.php?rest_route=%2Fwp%2Fv2%2Ftags&post=23"}],"curies":[{"name":"wp","href":"https:\/\/api.w.org\/{rel}","templated":true}]}}