{"id":2440,"date":"2019-09-29T20:53:11","date_gmt":"2019-09-29T22:53:11","guid":{"rendered":"https:\/\/www.levandoapalavra.com\/123\/?p=2440"},"modified":"2019-09-29T20:53:11","modified_gmt":"2019-09-29T22:53:11","slug":"profeta-ezequiel","status":"publish","type":"post","link":"https:\/\/www.levandoapalavra.com\/123\/?p=2440","title":{"rendered":"Profeta Ezequiel"},"content":{"rendered":"<p>Ezequiel era filho de Buzi e pertencia \u00e0 fam\u00edlia sacerdotal, ou seja, ele era um sacerdote (Ezequiel 1:3). Na verdade nada se sabe sobre quem foi Ezequiel al\u00e9m das informa\u00e7\u00f5es que s\u00e3o encontradas no livro que leva seu nome no Antigo Testamento.<!--more--><\/p>\n<p>Ezequiel foi levado cativo para o\u00a0ex\u00edlio na Babil\u00f4nia\u00a0em 597 a.C., logo ap\u00f3s o rei Nabucodonosor ter tomado Jerusal\u00e9m. Na ocasi\u00e3o foram deportados o rei de Jud\u00e1, Joaquim, toda a fam\u00edlia real, os artes\u00e3os habilidosos e os cidad\u00e3os mais proeminentes (2 Reis 24:14).<\/p>\n<p>O profeta Ezequiel era casado, por\u00e9m sua esposa acabou falecendo repentinamente durante o cativeiro. Isso aconteceu pouco antes da cidade de Jerusal\u00e9m ser destru\u00edda pela ofensiva do Imp\u00e9rio Babil\u00f4nico em 586 a.C. N\u00e3o \u00e9 feita qualquer men\u00e7\u00e3o na B\u00edblia sobre poss\u00edveis filhos de Ezequiel.<\/p>\n<p>A morte s\u00fabita de sua esposa foi anunciada por Deus, e o profeta foi proibido expressamente pelo Senhor de se lamentar pelo triste acontecimento. Ele n\u00e3o p\u00f4de realizar qualquer rito relacionado ao luto (Ezequiel 25:15,16). Essa proibi\u00e7\u00e3o serviu como um sinal do que os habitantes da cidade de Jerusal\u00e9m fariam em breve (Ezequiel 24:19-27).<\/p>\n<p>O minist\u00e9rio do profeta Ezequiel<br \/>\nAp\u00f3s ter sido levado cativo, o profeta Ezequiel se estabeleceu junto ao rio Quebar, na vila de Tel-Abibe, perto de Nipur, na Babil\u00f4nia (Ezequiel 1:1; 3:15). Ap\u00f3s cinco anos vivendo no Ex\u00edlio, ele recebeu sua chamada prof\u00e9tica. O profeta vivia em sua pr\u00f3pria casa, onde os anci\u00e3os vinham consult\u00e1-lo (Ezequiel 3:24; 8:1; 14:1; 20:1; cf. Jeremias 29:1-7).<\/p>\n<p>\u00c9 bem poss\u00edvel que o profeta Ezequiel come\u00e7ou seu minist\u00e9rio prof\u00e9tico com a idade de 30 anos. Caso isso esteja correto, ent\u00e3o ele tinha entre 25 e 26 anos quando foi deportado para a Babil\u00f4nia.<\/p>\n<p>Em seu livro, o profeta se mostra bastante familiarizado com os preceitos da religi\u00e3o judaica e com o Templo de Salom\u00e3o. Mas n\u00e3o h\u00e1 qualquer evid\u00eancia de que ele tenha desempenhado alguma fun\u00e7\u00e3o sacerdotal em Jerusal\u00e9m antes de ser levado a Babil\u00f4nia.<\/p>\n<p>Na verdade, geralmente os sacerdotes come\u00e7avam a exercer suas fun\u00e7\u00f5es no Templo com a idade de 30 anos. Conforme j\u00e1 foi dito, o profeta Ezequiel foi exilado antes de alcan\u00e7ar essa idade.<\/p>\n<p>Portanto, quando Ezequiel completou 30 anos ele estava vivendo a mais de mil quil\u00f4metros de dist\u00e2ncia de sua terra natal. Mas no ano em que ele deveria come\u00e7ar seus servi\u00e7os como sacerdote, Deus o chamou soberanamente para se tornar um dos grandes profetas do Antigo Testamento. Durante o per\u00edodo em que ele profetizou, o Templo estava em ru\u00ednas.<\/p>\n<p>A chamada do profeta Ezequiel<br \/>\nA chamada do profeta Ezequiel para exercer o minist\u00e9rio prof\u00e9tico \u00e9 uma das mais espetaculares registradas nas Escrituras. Esse chamamento \u00e9 descrito em detalhes nos cap\u00edtulos 1, 2 e 3 de seu livro. Nessa ocasi\u00e3o o profeta teve uma vis\u00e3o da gl\u00f3ria divina.<\/p>\n<p>Os quatros seres viventes, querubins, vistos pelo profeta Ezequiel na ocasi\u00e3o de sua convoca\u00e7\u00e3o, tamb\u00e9m lembram o chamamento de Isa\u00edas, onde ele viu os serafins que ministravam diante de Deus (Isa\u00edas 6:2). Al\u00e9m disso, existe uma semelhan\u00e7a muito grande com a\u00a0vis\u00e3o do trono de Deus\u00a0que o ap\u00f3stolo Jo\u00e3o teve (Apocalipse 4:16).<\/p>\n<p>Quando o profeta Ezequiel caiu com o rosto na terra diante da vis\u00e3o t\u00e3o gloriosa que teve, ele escutou as conhecidas palavras:\u00a0\u201cFilho do homem, p\u00f5e-te em p\u00e9 e falarei contigo\u201d\u00a0(Ezequiel 2:1). Nesse momento ele foi capacitado pelo Esp\u00edrito a tornar-se um canal da revela\u00e7\u00e3o divina e proclamar a Palavra de Deus ao povo.<\/p>\n<p>O profeta Ezequiel frequentemente \u00e9 chamado por Deus pela express\u00e3o \u201cfilho do homem\u201d. Nesse contexto essa express\u00e3o significa basicamente \u201cser humano\u201d, e enfatiza a insignific\u00e2ncia humana diante do poder e da majestade de Deus.<\/p>\n<p>A mensagem do profeta Ezequiel<br \/>\nO grande prop\u00f3sito da mensagem prof\u00e9tica do profeta Ezequiel era incentivar os judeus exilados a permanecerem fi\u00e9is a Deus, confiando que Ele iria cumprir a sua promessa de restaura\u00e7\u00e3o. Deus haveria de conduzir a na\u00e7\u00e3o novamente \u00e0 sua terra de origem. Ele traria novamente os tempos de gl\u00f3ria para o Templo e para Jerusal\u00e9m. Isso aconteceria ap\u00f3s o fim do julgamento divino sobre os judeus. Esse julgamento era evidenciado pelas prova\u00e7\u00f5es e destrui\u00e7\u00f5es advindas pela ocasi\u00e3o do cativeiro.<\/p>\n<p>O profeta Ezequiel anunciou o julgamento sobre Jerusal\u00e9m (Ezequiel 1-24). Ele tamb\u00e9m anunciou o julgamento divino sobre as na\u00e7\u00f5es estrangeiras (Ezequiel 25-32). Tamb\u00e9m profetizou, ap\u00f3s a destrui\u00e7\u00e3o da cidade, a restaura\u00e7\u00e3o e a miseric\u00f3rdia para o futuro. As profecias de Ezequiel sobre a restaura\u00e7\u00e3o da casa de Davi s\u00e3o cumpridas plenamente apenas em Cristo (Ezequiel 37:24).<\/p>\n<p>O simbolismo de Ezequiel<br \/>\nA mensagem do profeta Ezequiel \u00e9 a que cont\u00e9m mais elementos simb\u00f3licos entre todas as outras mensagens dos profetas escritores. Tamb\u00e9m \u00e9 poss\u00edvel perceber que a mensagem proclamada por ele era claramente representada por suas pr\u00f3prias experi\u00eancias pessoais. Isso significa que Deus fez com que o profeta fosse um tipo de \u201csinal vivo\u201d para o povo judeu.<\/p>\n<p>Assim, o profeta precisou enfrentar grandes prova\u00e7\u00f5es e suportar terr\u00edveis sofrimentos, a fim de que sua vida servisse de sinal para incitar a na\u00e7\u00e3o a buscar o arrependimento. Al\u00e9m de muita simbologia, o profeta Ezequiel tamb\u00e9m usou\u00a0par\u00e1bolas\u00a0e prov\u00e9rbios (Ezequiel 12:21,22; 15-19).<\/p>\n<p>Algumas pessoas, equivocadamente, utilizam algumas passagens do livro de Ezequiel para sugerir que o profeta sofria de algum transtorno mental (ex.: Ezequiel 3:23; 4:8). Claro que quem defende essa ideia falha em compreender a forma com que Deus direcionou a vida desse homem.<\/p>\n<p>No in\u00edcio do minist\u00e9rio do profeta Ezequiel sua mensagem n\u00e3o foi muito bem recebida (Ezequiel 3:5). Por\u00e9m, com o passar do tempo, o profeta foi sendo identificado numa posi\u00e7\u00e3o mais honrosa (Ezequiel 8:1; 14:1; 20:1).<\/p>\n<p>De qualquer forma, durante seu comissionamento como profeta o Senhor o avisou de que a casa de Israel n\u00e3o lhe daria ouvido, isso porque os judeus\u00a0n\u00e3o queriam ouvir o pr\u00f3prio Deus. Por isso Deus disse que fortaleceria o profeta contra o povo, numa frase que talvez contenha um jogo de palavras que faz refer\u00eancia ao significado de seu nome (Ezequiel 3:7,8).<\/p>\n<p>O fim do minist\u00e9rio do profeta Ezequiel<br \/>\nA B\u00edblia n\u00e3o relata nada sobre a morte do profeta Ezequiel. Tudo o que sabemos \u00e9 que seu minist\u00e9rio durou pelo menos 23 anos (Ezequiel 29:17). Considerando ent\u00e3o que ele come\u00e7ou a profetizar em 592 a.C., quando tinha 30 anos, ele viveu, no m\u00ednimo, cerca de cinquenta anos.<\/p>\n<p>O profeta Ezequiel n\u00e3o \u00e9 mencionado em outros livros do Antigo Testamento. Ele tamb\u00e9m n\u00e3o \u00e9 citado diretamente no Novo Testamento. No entanto, muito de suas vis\u00f5es claramente serve de base para o simbolismo presente no\u00a0livro do Apocalipse.<\/p>\n<p>Os contempor\u00e2neos do profeta Ezequiel<br \/>\nO profeta Ezequiel foi contempor\u00e2neo de outros dois profetas escritores: o profeta Jeremias e o\u00a0profeta Daniel. Os tr\u00eas viveram durante a \u00e9poca do cativeiro. O \u00fanico per\u00edodo hist\u00f3rico que contou com tantos profetas escritores como aquele, foi por volta da segunda metade do s\u00e9culo 8 a.C., quando viveram os profetas Isa\u00edas, Oseias,\u00a0Am\u00f3s\u00a0e Miqueias.<\/p>\n<p>Embora Ezequiel, Jeremias e Daniel fossem contempor\u00e2neos, eles n\u00e3o estavam pr\u00f3ximos uns dos outros. Jeremias profetizava em Jud\u00e1. Daniel servia na\u00a0corte do rei Nabucodonosor. J\u00e1 o profeta Ezequiel pregava entre os judeus cativos na Babil\u00f4nia.<\/p>\n","protected":false},"excerpt":{"rendered":"<p>Ezequiel era filho de Buzi e pertencia \u00e0 fam\u00edlia sacerdotal, ou seja, ele era um sacerdote (Ezequiel 1:3). Na verdade nada se sabe sobre quem foi Ezequiel al\u00e9m das informa\u00e7\u00f5es&hellip; <\/p>\n","protected":false},"author":1,"featured_media":2441,"comment_status":"open","ping_status":"open","sticky":false,"template":"","format":"standard","meta":{"footnotes":""},"categories":[111],"tags":[62],"class_list":["post-2440","post","type-post","status-publish","format-standard","has-post-thumbnail","hentry","category-personagens","tag-historia"],"_links":{"self":[{"href":"https:\/\/www.levandoapalavra.com\/123\/index.php?rest_route=\/wp\/v2\/posts\/2440","targetHints":{"allow":["GET"]}}],"collection":[{"href":"https:\/\/www.levandoapalavra.com\/123\/index.php?rest_route=\/wp\/v2\/posts"}],"about":[{"href":"https:\/\/www.levandoapalavra.com\/123\/index.php?rest_route=\/wp\/v2\/types\/post"}],"author":[{"embeddable":true,"href":"https:\/\/www.levandoapalavra.com\/123\/index.php?rest_route=\/wp\/v2\/users\/1"}],"replies":[{"embeddable":true,"href":"https:\/\/www.levandoapalavra.com\/123\/index.php?rest_route=%2Fwp%2Fv2%2Fcomments&post=2440"}],"version-history":[{"count":1,"href":"https:\/\/www.levandoapalavra.com\/123\/index.php?rest_route=\/wp\/v2\/posts\/2440\/revisions"}],"predecessor-version":[{"id":2442,"href":"https:\/\/www.levandoapalavra.com\/123\/index.php?rest_route=\/wp\/v2\/posts\/2440\/revisions\/2442"}],"wp:featuredmedia":[{"embeddable":true,"href":"https:\/\/www.levandoapalavra.com\/123\/index.php?rest_route=\/wp\/v2\/media\/2441"}],"wp:attachment":[{"href":"https:\/\/www.levandoapalavra.com\/123\/index.php?rest_route=%2Fwp%2Fv2%2Fmedia&parent=2440"}],"wp:term":[{"taxonomy":"category","embeddable":true,"href":"https:\/\/www.levandoapalavra.com\/123\/index.php?rest_route=%2Fwp%2Fv2%2Fcategories&post=2440"},{"taxonomy":"post_tag","embeddable":true,"href":"https:\/\/www.levandoapalavra.com\/123\/index.php?rest_route=%2Fwp%2Fv2%2Ftags&post=2440"}],"curies":[{"name":"wp","href":"https:\/\/api.w.org\/{rel}","templated":true}]}}