{"id":279,"date":"2009-01-13T10:53:39","date_gmt":"2009-01-13T12:53:39","guid":{"rendered":"https:\/\/www.levandoapalavra.com\/123\/?p=279"},"modified":"2010-12-14T19:42:16","modified_gmt":"2010-12-14T21:42:16","slug":"cedro-simbolo-do-cristao","status":"publish","type":"post","link":"https:\/\/www.levandoapalavra.com\/123\/?p=279","title":{"rendered":"Cedro: S\u00edmbolo do Crist\u00e3o"},"content":{"rendered":"<p style=\"text-align: justify;\">Os cedros  \t\t\t\t\tdo L\u00edbano que Ele plantou\u201d  \t\t\t\t\t(Sl. 104:16)<\/p>\n<p style=\"text-align: justify;\">Os cedros  \t\t\t\t\tdo L\u00edbano simbolizam os crist\u00e3os, naquilo que se refere a  \t\t\t\t\tterem sido inteiramente plantados pelo Senhor. Isto \u00e9 a  \t\t\t\t\tverdade absoluta de cada filho de Deus. O crist\u00e3o n\u00e3o \u00e9  \t\t\t\t\tplantado pelo homem, nem por si mesmo, mas \u00e9 plantado por  \t\t\t\t\tDeus. A m\u00e3o misteriosa do Esp\u00edrito divino fez cair \u00e0 semente  \t\t\t\t\tda vida dentro do cora\u00e7\u00e3o que Ele mesmo preparara para  \t\t\t\t\treceb\u00ea-la. Cada verdadeiro herdeiro do c\u00e9u pertence ao  \t\t\t\t\tgrande Agricultor que o plantou. Al\u00e9m disso, os cedros do  \t\t\t\t\tL\u00edbano n\u00e3o dependem do homem para reg\u00e1-los; eles subsistem  \t\t\t\t\tnas altas rochas n\u00e3o irrigadas pelo homem; e, no entanto,  \t\t\t\t\tnosso Pai Celeste supre suas necessidades. Assim \u00e9 com o  \t\t\t\t\tcrist\u00e3o que aprendeu a viver pela f\u00e9. Ele n\u00e3o depende do  \t\t\t\t\thomem, mesmo nas coisas temporais; ele espera no Senhor seu  \t\t\t\t\tDeus pelo seu sustento, e somente Nele. O orvalho do c\u00e9u \u00e9  \t\t\t\t\tsua por\u00e7\u00e3o e o Deus do c\u00e9u o seu manancial. Mais uma vez, os  \t\t\t\t\tcedros do L\u00edbano n\u00e3o s\u00e3o protegidos por nenhum poder mortal.  \t\t\t\t\tEles nada devem aos homens para serem preservados das  \t\t\t\t\ttempestades e ventos tormentosos. S\u00e3o \u00e1rvores de Deus,  \t\t\t\t\tmantidas e preservadas por Ele, somente por Ele. \u00c9  \t\t\t\t\texatamente a mesma coisa com o crist\u00e3o. Ele n\u00e3o \u00e9 uma planta  \t\t\t\t\tde estufa, protegido das tenta\u00e7\u00f5es; ele fica no local mais  \t\t\t\t\texposto; n\u00e3o tem ref\u00fagio, nem prote\u00e7\u00e3o, exceto esta, que as  \t\t\t\t\tvastas asas do Deus eterno sempre abrigam os cedros que Ele  \t\t\t\t\tmesmo plantou.<\/p>\n<p style=\"text-align: justify;\">Como os  \t\t\t\t\tcedros, os crentes s\u00e3o cheios de vigor, tendo vitalidade  \t\t\t\t\tsuficiente para estarem sempre vi\u00e7osos, mesmo no meio das  \t\t\t\t\tneves do inverno. Finalmente, o florescimento e as  \t\t\t\t\tmajestosas condi\u00e7\u00f5es do cedro s\u00e3o somente para o louvor de  \t\t\t\t\tDeus.<\/p>\n<p style=\"text-align: justify;\">O Senhor,  \t\t\t\t\te somente Ele, tem sido tudo para o cedro e, por isso, Davi,  \t\t\t\t\tcom muita do\u00e7ura, colocou num de seus salmos: &#8220;Louvai ao  \t\t\t\t\tSENHOR, \u00e1rvores frut\u00edferas e todos os cedros.&#8221; (Sl. 148:9)  \t\t\t\t\tNo crente n\u00e3o existe nada que possa glorificar o homem; ele  \t\t\t\t\t\u00e9 plantado, nutrido e protegido pela pr\u00f3pria m\u00e3o do Senhor,  \t\t\t\t\te a Ele seja atribu\u00edda toda a gl\u00f3ria.<\/p>\n<p style=\"text-align: justify;\">Fonte:  \t\t\t\tMorning and Evening<\/p>\n<p style=\"text-align: justify;\">(Devocional matutina do dia 13 de agosto)<\/p>\n<p style=\"text-align: justify;\">Tradu\u00e7\u00e3o: Mariza  \t\t\t\t\tRegina Souza<\/p>\n","protected":false},"excerpt":{"rendered":"<p>Os cedros do L\u00edbano que Ele plantou\u201d (Sl. 104:16) Os cedros do L\u00edbano simbolizam os crist\u00e3os, naquilo que se refere a terem sido inteiramente plantados pelo Senhor. Isto \u00e9 a&hellip; <\/p>\n","protected":false},"author":1,"featured_media":0,"comment_status":"open","ping_status":"open","sticky":false,"template":"","format":"standard","meta":{"footnotes":""},"categories":[3],"tags":[26],"class_list":["post-279","post","type-post","status-publish","format-standard","hentry","category-charles-haddon-spurgeon","tag-principios"],"_links":{"self":[{"href":"https:\/\/www.levandoapalavra.com\/123\/index.php?rest_route=\/wp\/v2\/posts\/279","targetHints":{"allow":["GET"]}}],"collection":[{"href":"https:\/\/www.levandoapalavra.com\/123\/index.php?rest_route=\/wp\/v2\/posts"}],"about":[{"href":"https:\/\/www.levandoapalavra.com\/123\/index.php?rest_route=\/wp\/v2\/types\/post"}],"author":[{"embeddable":true,"href":"https:\/\/www.levandoapalavra.com\/123\/index.php?rest_route=\/wp\/v2\/users\/1"}],"replies":[{"embeddable":true,"href":"https:\/\/www.levandoapalavra.com\/123\/index.php?rest_route=%2Fwp%2Fv2%2Fcomments&post=279"}],"version-history":[{"count":0,"href":"https:\/\/www.levandoapalavra.com\/123\/index.php?rest_route=\/wp\/v2\/posts\/279\/revisions"}],"wp:attachment":[{"href":"https:\/\/www.levandoapalavra.com\/123\/index.php?rest_route=%2Fwp%2Fv2%2Fmedia&parent=279"}],"wp:term":[{"taxonomy":"category","embeddable":true,"href":"https:\/\/www.levandoapalavra.com\/123\/index.php?rest_route=%2Fwp%2Fv2%2Fcategories&post=279"},{"taxonomy":"post_tag","embeddable":true,"href":"https:\/\/www.levandoapalavra.com\/123\/index.php?rest_route=%2Fwp%2Fv2%2Ftags&post=279"}],"curies":[{"name":"wp","href":"https:\/\/api.w.org\/{rel}","templated":true}]}}