{"id":330,"date":"2000-12-13T12:28:15","date_gmt":"2000-12-13T14:28:15","guid":{"rendered":"https:\/\/www.levandoapalavra.com\/123\/?p=330"},"modified":"2010-12-14T13:16:21","modified_gmt":"2010-12-14T15:16:21","slug":"deus-tem-um-plano-para-voce","status":"publish","type":"post","link":"https:\/\/www.levandoapalavra.com\/123\/?p=330","title":{"rendered":"Deus tem um plano para voc\u00ea"},"content":{"rendered":"<p style=\"text-align: justify;\"><span style=\"color: #000000;\">Todos n\u00f3s temos uma chamada. N\u00e3o andamos aqui  \t\t\t\t\tpor acaso. Todos somos importantes. N\u00e3o h\u00e1 uma pessoa \u00e0 face  \t\t\t\t\tda terra que n\u00e3o seja preciosa e importante. Eu n\u00e3o estou a  \t\t\t\t\tdizer que somos todos iguais, que todos temos os mesmos dons  \t\t\t\t\te capacidades, mas quero afirmar que toda a pessoa \u00e9  \t\t\t\t\timportante. <\/span><\/p>\n<p style=\"text-align: justify;\"><span style=\"color: #000000;\">Ef\u00e9sios 4:11 &#8211;  \t\t\t\t&#8220;E ele mesmo deu uns para ap\u00f3stolos, e outros  \t\t\t\t\tpara profetas, e outros para evangelistas, e outros para  \t\t\t\t\tpastores e doutores.&#8221; <\/span><\/p>\n<p style=\"text-align: justify;\"><span style=\"color: #000000;\">Mateus 25:14-30  \t\t\t\t\tA par\u00e1bola dos 10 Talentos<\/span><\/p>\n<p style=\"text-align: justify;\"><span style=\"color: #000000;\">Neste texto b\u00edblico, Jesus est\u00e1 a fazer o  \t\t\t\t\tparalelo entre Deus e n\u00f3s. Jesus est\u00e1 a dizer-nos o  \t\t\t\t\tseguinte: Toda a gente tem dons. <\/span><\/p>\n<p style=\"text-align: justify;\"><span style=\"color: #000000;\">Os m\u00fasicos sabem tocar m\u00fasica, porque foi um  \t\t\t\t\tdom que Deus lhes deu. Um homem que seja gerente, um m\u00e9dico,  \t\t\t\t\tum engenheiro, um homem de neg\u00f3cios, tem o dom que Deus lhe  \t\t\t\t\tdeu. Ele pode pensar que a capacidade \u00e9 dele, mas n\u00e3o \u00e9.  \t\t\t\t\tPorque \u00e9 que ele sabe fazer aquilo? Porque Deus lhe deu essa  \t\t\t\t\tcapacidade. Isto \u00e9 absolutamente a verdade. <\/span><\/p>\n<p style=\"text-align: justify;\"><span style=\"color: #000000;\">A grande quest\u00e3o que se p\u00f5e \u00e9: no tal dia que  \t\t\t\t\tvamos prestar contas a Deus, Ele vai dizer-lhe: &#8211; &#8220;O que \u00e9  \t\t\t\t\tque tu fizeste com os talentos que eu te dei?&#8221; &#8211; &#8220;Eu era  \t\t\t\t\tm\u00fasico no mundo, tinha que ganhar muito dinheiro&#8230;&#8221; &#8211; &#8220;O  \t\t\t\t\tque \u00e9 que aconteceu ao teu dinheiro?&#8221; &#8211; &#8220;Ficou l\u00e1&#8230;&#8221; &#8211; &#8220;O  \t\t\t\t\tque \u00e9 que tu tens para me mostrar?&#8221; &#8211; &#8220;Bem\u2026eu precisava  \t\t\t\t\tpensar&#8230;&#8221; Servo inv\u00e1lido, in\u00fatil, n\u00e3o presta. O que vai  \t\t\t\t\tacontecer a esse indiv\u00edduo? Vai para o inferno; ele n\u00e3o fez  \t\t\t\t\tnada com o dom que Deus lhe deu. <\/span><\/p>\n<p style=\"text-align: justify;\"><span style=\"color: #000000;\">Isto n\u00e3o \u00e9 s\u00f3 para os crist\u00e3os. \u00c9 para toda a  \t\t\t\t\tgente \u00e0 face da terra! Todos estaremos diante de Deus, e Ele  \t\t\t\t\tperguntar\u00e1, &#8220;O que fizeste aos talentos que te dei?&#8221;<\/span><\/p>\n<p style=\"text-align: justify;\"><span style=\"color: #000000;\">O que eu quero dizer, \u00e9 que voc\u00ea tem um  \t\t\t\t\tminist\u00e9rio. Voc\u00ea que j\u00e1 \u00e9 crist\u00e3o, tem um minist\u00e9rio, que \u00e9  \t\t\t\t\tt\u00e3o importante como o meu. Eu fui chamado para pregar, para  \t\t\t\t\tabrir Igrejas, supervisionar as Igrejas, descobrir onde  \t\t\t\t\test\u00e3o os pastores que Deus j\u00e1 chamou, coloc\u00e1-los nas igrejas  \t\t\t\t\te supervision\u00e1-los. N\u00e3o quero dizer, que sou mais do que os  \t\t\t\t\toutros! Apenas \u00e9 uma responsabilidade que eu tenho. O m\u00fasico  \t\t\t\t\ttem o dom de Deus para tocar e cantar. N\u00f3s temos pessoas  \t\t\t\t\tque, antigamente, eram profissionais, mas agora entregaram o  \t\t\t\t\tseu dom a Deus. Quem diz deste, diz de outro minist\u00e9rio.<br \/>\nQual \u00e9 o minist\u00e9rio do homem de neg\u00f3cios? \u00c9 TRAZER FINAN\u00c7AS  \t\t\t\t\tPARA A OBRA DE DEUS. <\/span><\/p>\n<p style=\"text-align: justify;\"><span style=\"color: #000000;\">Deuteron\u00f4mio 8:17 e 18  \t\t\t\t\t&#8220;E digas nos teu cora\u00e7\u00e3o: A minha for\u00e7a, e a fortaleza de  \t\t\t\t\tmeu bra\u00e7o, me adquiriu este poder. Antes te lembrar\u00e1s do  \t\t\t\t\tSenhor teu Deus, que ele \u00e9 o que te d\u00e1 for\u00e7a para adquirires  \t\t\t\t\tpoder; para confirmar o seu concerto, que jurou a teus pais,  \t\t\t\t\tcomo se v\u00ea neste dia.&#8221; <\/span><\/p>\n<p style=\"text-align: justify;\"><span style=\"color: #000000;\">Se aprendermos esta li\u00e7\u00e3o e deixarmos Deus  \t\t\t\t\tutilizar-se de n\u00f3s para aben\u00e7oar o pr\u00f3ximo, Deus vai  \t\t\t\t\tfazer-nos prosperar e observar qual \u00e9 a nossa rea\u00e7\u00e3o. Se  \t\t\t\t\tag\u00fcentarmos isso, Ele d\u00e1-nos mais um bocadinho. Um homem  \t\t\t\t\ts\u00e1bio \u00e9 aquele que trabalha para Deus, sabendo que as casas,  \t\t\t\t\to dinheiro, os carros, e todos os bens materiais, s\u00e3o-nos  \t\t\t\t\temprestados, confiados por um tempo. <\/span><\/p>\n<p style=\"text-align: justify;\"><span style=\"color: #000000;\">N\u00f3s temos uma tarefa aqui. Qual \u00e9 ela? <\/span><\/p>\n<p style=\"text-align: justify;\"><span style=\"color: #000000;\">AJUDAR O PR\u00d3XIMO, SALVAR A HUMANIDADE PARA  \t\t\t\t\tDEUS. <\/span><\/p>\n<p style=\"text-align: justify;\"><span style=\"color: #000000;\">N\u00e3o \u00e9 convencer as pessoas, porque quem faz  \t\t\t\t\tesse trabalho \u00e9 o Esp\u00edrito Santo. Ajudar o pr\u00f3ximo \u00e9 nossa  \t\t\t\t\ttarefa. \u00c9 para isso que n\u00f3s estamos na terra. No dia em que  \t\t\t\t\teu descobri que esta \u00e9 a minha tarefa, finalmente, tive  \t\t\t\t\tvontade de viver. Eu tinha acabado de fazer um projeto que  \t\t\t\t\tera um sonho. Mas, depois, em vez de me sentir realizado na  \t\t\t\t\tvida, senti-me vazio. A minha vida n\u00e3o fazia sentido. Quando  \t\t\t\t\tentreguei a minha vida a Jesus, Ele p\u00f4s o Seu Esp\u00edrito  \t\t\t\t\tdentro de mim. Por Deus, comecei a compreender a raz\u00e3o de eu  \t\t\t\t\texistir. Todos os dias, tenho vontade de O servir. Tenho  \t\t\t\t\tvontade de acordar bem cedo, e ir mostrar a este mundo  \t\t\t\t\tperdido, que h\u00e1 um Deus maravilhoso, que o seu nome \u00e9 JESUS  \t\t\t\t\tCRISTO, e que vale a pena segui-Lo. <\/span><\/p>\n<p style=\"text-align: justify;\"><span style=\"color: #000000;\">O meu desejo e encorajamento para si, \u00e9 que  \t\t\t\t\tcompreenda que Cristo em voc\u00ea \u00e9 a Esperan\u00e7a da Gl\u00f3ria! Deus  \t\t\t\t\tprecisa de voc\u00ea e conta consigo!<\/span><\/p>\n","protected":false},"excerpt":{"rendered":"<p>Todos n\u00f3s temos uma chamada. N\u00e3o andamos aqui por acaso. Todos somos importantes. N\u00e3o h\u00e1 uma pessoa \u00e0 face da terra que n\u00e3o seja preciosa e importante. Eu n\u00e3o estou&hellip; <\/p>\n","protected":false},"author":1,"featured_media":0,"comment_status":"open","ping_status":"open","sticky":false,"template":"","format":"standard","meta":{"footnotes":""},"categories":[1],"tags":[26],"class_list":["post-330","post","type-post","status-publish","format-standard","hentry","category-sem-categoria","tag-principios"],"_links":{"self":[{"href":"https:\/\/www.levandoapalavra.com\/123\/index.php?rest_route=\/wp\/v2\/posts\/330","targetHints":{"allow":["GET"]}}],"collection":[{"href":"https:\/\/www.levandoapalavra.com\/123\/index.php?rest_route=\/wp\/v2\/posts"}],"about":[{"href":"https:\/\/www.levandoapalavra.com\/123\/index.php?rest_route=\/wp\/v2\/types\/post"}],"author":[{"embeddable":true,"href":"https:\/\/www.levandoapalavra.com\/123\/index.php?rest_route=\/wp\/v2\/users\/1"}],"replies":[{"embeddable":true,"href":"https:\/\/www.levandoapalavra.com\/123\/index.php?rest_route=%2Fwp%2Fv2%2Fcomments&post=330"}],"version-history":[{"count":0,"href":"https:\/\/www.levandoapalavra.com\/123\/index.php?rest_route=\/wp\/v2\/posts\/330\/revisions"}],"wp:attachment":[{"href":"https:\/\/www.levandoapalavra.com\/123\/index.php?rest_route=%2Fwp%2Fv2%2Fmedia&parent=330"}],"wp:term":[{"taxonomy":"category","embeddable":true,"href":"https:\/\/www.levandoapalavra.com\/123\/index.php?rest_route=%2Fwp%2Fv2%2Fcategories&post=330"},{"taxonomy":"post_tag","embeddable":true,"href":"https:\/\/www.levandoapalavra.com\/123\/index.php?rest_route=%2Fwp%2Fv2%2Ftags&post=330"}],"curies":[{"name":"wp","href":"https:\/\/api.w.org\/{rel}","templated":true}]}}