{"id":380,"date":"2007-11-13T14:07:56","date_gmt":"2007-11-13T16:07:56","guid":{"rendered":"https:\/\/www.levandoapalavra.com\/123\/?p=380"},"modified":"2010-12-14T13:37:31","modified_gmt":"2010-12-14T15:37:31","slug":"meu-refugio-es-tu-no-dia-do-mal","status":"publish","type":"post","link":"https:\/\/www.levandoapalavra.com\/123\/?p=380","title":{"rendered":"Meu Ref\u00fagio \u00e9s Tu no Dia do Mal"},"content":{"rendered":"<p style=\"text-align: justify;\">&#8230;meu  \t\t\t\t\tref\u00fagio \u00e9s tu no dia do mal\u201d (Jeremias 17:17).<\/p>\n<p style=\"text-align: justify;\">O caminho  \t\t\t\t\tdo crist\u00e3o\u00a0nem sempre \u00e9 brilhante e ensolarado; ele tem suas  \t\t\t\t\t\u00e9pocas de escurid\u00e3o e tormenta. \u00c9\u00a0certo que\u00a0est\u00e1 escrito na  \t\t\t\t\tPalavra de Deus &#8220;Os seus caminhos s\u00e3o caminhos  \t\t\t\t\tdeliciosos, e todas as suas veredas, paz.&#8221; (Pv. 3:17),  \t\t\t\t\te \u00e9 uma grande verdade\u00a0que a\u00a0religi\u00e3o \u00e9 calculada para dar  \t\t\t\t\tao homem tanto felicidade na terra quanto gozo no c\u00e9u; mas a  \t\t\t\t\texperi\u00eancia nos diz que, se o percurso do justo\u00a0\u00e9 &#8220;como a  \t\t\t\t\tluz da aurora, que vai brilhando mais e mais at\u00e9 ser dia  \t\t\t\t\tperfeito&#8221; (Pv. 4:18), \u00e0s vezes, ent\u00e3o,\u00a0 essa  \t\t\t\tluz  \t\t\t\t\tfica obscurecida. Em\u00a0certas \u00e9pocas as nuvens encobrem o sol  \t\t\t\t\tdo crente, e ele anda na escurid\u00e3o\u00a0sem ver a\u00a0luz. H\u00e1 muitos  \t\t\t\t\tque se regozijam na presen\u00e7a de Deus\u00a0durante algum tempo;  \t\t\t\t\tse\u00a0aquecem no sol dos primeiros est\u00e1gios de sua carreira  \t\t\t\t\tcrist\u00e3; caminham por &#8220;pastos verdejantes&#8221;\u00a0junto\u00a0de &#8220;\u00e1guas  \t\t\t\t\ttranq\u00fcilas&#8221;,\u00a0mas de repente descobrem que aquele c\u00e9u  \t\t\t\t\tglorioso est\u00e1 cheio de nuvens; ao inv\u00e9s de\u00a0andar pela terra  \t\t\t\t\tde G\u00f3sen, agora eles t\u00eam\u00a0que andar\u00a0pelas areias do deserto;  \t\t\t\t\tem lugar de \u00e1gua doce, encontram correntes tortuosas, de  \t\t\t\t\t\u00e1guas amargas, e dizem: &#8220;Se eu fosse filho de Deus, com  \t\t\t\t\tcerteza isto n\u00e3o aconteceria.&#8221; Oh! n\u00e3o digas isto, tu que  \t\t\t\t\test\u00e1s andando na escurid\u00e3o. Os\u00a0melhores santos de  \t\t\t\t\tDeus\u00a0precisam beber\u00a0bebidas amargas; os mais queridos de  \t\t\t\t\tSeus filhos precisam suportar a cruz. Nenhum crist\u00e3o  \t\t\t\t\tgozou\u00a0prosperidade infinita; nenhum crente pode\u00a0manter o  \t\t\t\t\ttempo todo sua harpa longe do salgueiro (Sl. 137). Talvez a  \t\t\t\t\tprinc\u00edpio o Senhor lhe tenha\u00a0dado\u00a0um caminho\u00a0suave e sem  \t\t\t\t\tnuvens,\u00a0pois voc\u00ea era fr\u00e1gil e inseguro. Ele\u00a0amainava  \t\t\t\t\to\u00a0vento para a ovelha tosquiada; mas agora que est\u00e1 mais  \t\t\t\t\tforte\u00a0em sua\u00a0vida espiritual, voc\u00ea precisa\u00a0ter a experi\u00eancia  \t\t\t\t\tmais\u00a0madura e mais\u00a0dif\u00edcil dos filhos\u00a0adultos de Deus.  \t\t\t\t\tPrecisamos de ventos e tempestades para exercitar nossa f\u00e9,  \t\t\t\t\tpara quebrar o galho podre da autodepend\u00eancia, e para\u00a0nos  \t\t\t\t\tenraizarmos com mais firmeza em Cristo. O dia do mal nos  \t\t\t\t\trevela o valor da nossa gloriosa esperan\u00e7a.<\/p>\n<p style=\"text-align: justify;\"><strong>Fonte: <\/strong>Morning  \t\t\t\t\tand Evening<\/p>\n<p style=\"text-align: justify;\">(Devocional matutina do dia 29 de abril)<\/p>\n<p style=\"text-align: justify;\">Tradu\u00e7\u00e3o: Mariza  \t\t\t\t\tRegina Souza<\/p>\n","protected":false},"excerpt":{"rendered":"<p>&#8230;meu ref\u00fagio \u00e9s tu no dia do mal\u201d (Jeremias 17:17). O caminho do crist\u00e3o\u00a0nem sempre \u00e9 brilhante e ensolarado; ele tem suas \u00e9pocas de escurid\u00e3o e tormenta. \u00c9\u00a0certo que\u00a0est\u00e1 escrito&hellip; <\/p>\n","protected":false},"author":1,"featured_media":0,"comment_status":"open","ping_status":"open","sticky":false,"template":"","format":"standard","meta":{"footnotes":""},"categories":[3],"tags":[26],"class_list":["post-380","post","type-post","status-publish","format-standard","hentry","category-charles-haddon-spurgeon","tag-principios"],"_links":{"self":[{"href":"https:\/\/www.levandoapalavra.com\/123\/index.php?rest_route=\/wp\/v2\/posts\/380","targetHints":{"allow":["GET"]}}],"collection":[{"href":"https:\/\/www.levandoapalavra.com\/123\/index.php?rest_route=\/wp\/v2\/posts"}],"about":[{"href":"https:\/\/www.levandoapalavra.com\/123\/index.php?rest_route=\/wp\/v2\/types\/post"}],"author":[{"embeddable":true,"href":"https:\/\/www.levandoapalavra.com\/123\/index.php?rest_route=\/wp\/v2\/users\/1"}],"replies":[{"embeddable":true,"href":"https:\/\/www.levandoapalavra.com\/123\/index.php?rest_route=%2Fwp%2Fv2%2Fcomments&post=380"}],"version-history":[{"count":0,"href":"https:\/\/www.levandoapalavra.com\/123\/index.php?rest_route=\/wp\/v2\/posts\/380\/revisions"}],"wp:attachment":[{"href":"https:\/\/www.levandoapalavra.com\/123\/index.php?rest_route=%2Fwp%2Fv2%2Fmedia&parent=380"}],"wp:term":[{"taxonomy":"category","embeddable":true,"href":"https:\/\/www.levandoapalavra.com\/123\/index.php?rest_route=%2Fwp%2Fv2%2Fcategories&post=380"},{"taxonomy":"post_tag","embeddable":true,"href":"https:\/\/www.levandoapalavra.com\/123\/index.php?rest_route=%2Fwp%2Fv2%2Ftags&post=380"}],"curies":[{"name":"wp","href":"https:\/\/api.w.org\/{rel}","templated":true}]}}