{"id":616,"date":"2009-09-14T15:43:05","date_gmt":"2009-09-14T17:43:05","guid":{"rendered":"https:\/\/www.levandoapalavra.com\/123\/?p=616"},"modified":"2010-12-14T15:44:38","modified_gmt":"2010-12-14T17:44:38","slug":"edificando-a-casa","status":"publish","type":"post","link":"https:\/\/www.levandoapalavra.com\/123\/?p=616","title":{"rendered":"Edificando a casa"},"content":{"rendered":"<p>&#8220;Se o Senhor n\u00e3o  \t\t\t\tedificar a casa, em v\u00e3o trabalham os que a edificam.&#8221; (Sl 127:1)<\/p>\n<p>N\u00e3o \u00e9 uma obra  \t\t\t\tarquitet\u00f4nica, claro, mas sim a casa como lugar dos  \t\t\t\trelacionamentos familiares. Fam\u00edlia: Projeto de Deus!<\/p>\n<p>O texto nos diz que  \t\t\t\ta execu\u00e7\u00e3o deste projeto sem o Arquiteto \u00e9 trabalho em v\u00e3o. Os  \t\t\t\thomens a edificam a sua maneira, mas quando conclu\u00edda, essa casa  \t\t\t\tn\u00e3o serve para o qual foi projetada. Trabalho em v\u00e3o \u00e9 trabalho,  \t\t\t\tmas n\u00e3o alcan\u00e7a o objetivo. Nossa casa precisa ser ref\u00fagio, um  \t\t\t\tlugar de aconchego, de paz e alegria. \u201cLar, doce lar, como \u00e9 bom  \t\t\t\tali estar, pois ali \u00e9 o meu ref\u00fagio, ali \u00e9 o meu lugar&#8230;\u201d N\u00e3o \u00e9  \t\t\t\tassim que o Asaph canta?<\/p>\n<p>Ou\u00e7o de muitas  \t\t\t\tpessoas que v\u00e3o para longas jornadas fora de casa, declara\u00e7\u00f5es  \t\t\t\tcomo: \u201cQuero voltar pra casa\u201d. A casa \u00e9 um referencial para o  \t\t\t\tser humano. Deus colocou em n\u00f3s algo eterno, a casa do Pai, a  \t\t\t\tfam\u00edlia de Deus.<\/p>\n<p>As rela\u00e7\u00f5es de  \t\t\t\tfam\u00edlia s\u00e3o as mais significativas em nossa vida. Se destru\u00eddas,  \t\t\t\tcausam profundas marcas, por isso vemos escombros na casa de  \t\t\t\tquem n\u00e3o edificou com o Senhor.<\/p>\n<p>O diabo, nosso  \t\t\t\tadvers\u00e1rio, nos tenta levar a uma vida individualista, sem  \t\t\t\tconsiderar nossas rela\u00e7\u00f5es familiares. Como \u00e9 teu relacionamento  \t\t\t\tcom teus pais? E com teus irm\u00e3os? Individualismo \u00e9 fugir de toda  \t\t\t\trela\u00e7\u00e3o que me faz perder minha individualidade.<\/p>\n<p>Isso requer de mim  \t\t\t\tajuste, desprendimento e incomoda\u00e7\u00e3o. Os que n\u00e3o nos incomodam,  \t\t\t\tn\u00e3o s\u00e3o sempre as melhores pessoas; elas nos deixam em paz, mas  \t\t\t\ttamb\u00e9m n\u00e3o nos ajudam em nossa forma\u00e7\u00e3o. Relacionamento \u00e9 tocar  \t\t\t\tum no outro, sen\u00e3o ficamos intoc\u00e1veis.<\/p>\n<p>Edificar a casa \u00e9  \t\t\t\tdeixar Deus tratar pela autoridade que Ele delegou aos pais e  \t\t\t\tpelo repartir com nossos irm\u00e3os. \u201cFeliz o homem que enche deles  \t\t\t\t(os filhos) a sua aljava.\u201d Sl 127:5<\/p>\n<p>O relacionamento  \t\t\t\tmais \u00edntimo, marido e mulher, \u00e9 imposs\u00edvel viver no  \t\t\t\tindividualismo, cada um para si, ainda que fiquem sob mesmo  \t\t\t\tteto, pois n\u00e3o traz a vida de Deus. Separar-se \u00e9 desistir do que  \t\t\t\tDeus quer realizar. Deus quer chegar no casal a uma perfeita  \t\t\t\tunidade: esp\u00edrito, alma e corpo.<\/p>\n<p>Deus tem princ\u00edpios  \t\t\t\tclaros na educa\u00e7\u00e3o de filhos. Temos facilidade de ouvir  \t\t\t\tconselhos de \u00edmpios ao nosso redor e desconhecemos \u00e0s vezes os  \t\t\t\tdo PAI. Para cada idade h\u00e1 um caminho a ser ensinado ao menino  \t\t\t\tandar, e isso come\u00e7a mais cedo do que a maioria de n\u00f3s faz na  \t\t\t\tpr\u00e1tica. A sociedade, ao tentar resolver problemas conseq\u00fcentes  \t\t\t\tdo desajuste familiar, cria mais problemas do que solu\u00e7\u00f5es, pois  \t\t\t\tn\u00e3o se submete ao SENHOR.<\/p>\n<p>Quando n\u00e3o se  \t\t\t\tplanta nada, cresce in\u00e7o, inclusive em nosso jardim.<\/p>\n<p>Que ferramentas  \t\t\t\ttemos em nossas m\u00e3os para fazer esta edifica\u00e7\u00e3o?<\/p>\n<p>1 &#8211; A Palavra de  \t\t\t\tDeus. Leia Dt 6:1-9<\/p>\n<p>2 &#8211; O Esp\u00edrito  \t\t\t\tSanto. Leia Jo 14:15-17, 26<\/p>\n<p>3 &#8211; O corpo de  \t\t\t\tCristo, a igreja. Por ele recebemos tamb\u00e9m a palavra de Deus e a  \t\t\t\tdire\u00e7\u00e3o do Esp\u00edrito Santo. Se tivermos comunh\u00e3o no corpo, n\u00e3o  \t\t\t\tnos faltar\u00e1 dire\u00e7\u00e3o de Deus.<\/p>\n<p>Talvez voc\u00ea leia  \t\t\t\ttudo isso e no final diga: \u201cO mundo venceu\u201d. Quero anim\u00e1-lo a  \t\t\t\tolhar para o Autor e Consumador da nossa f\u00e9 que disse:\u201dTende bom  \t\t\t\t\u00e2nimo, Eu venci o mundo\u201d.<\/p>\n<p>A tristeza dEle \u00e9  \t\t\t\tque como Pai da fam\u00edlia de Deus, ele v\u00ea muitos construindo  \t\t\t\tcasas, tirando cursos, usando o talento que lhes deu, adquirindo  \t\t\t\tcoisas, se aperfei\u00e7oando para a \u201cvida\u201d de outro \u201creino\u201d, que um  \t\t\t\tdia passar\u00e1.<\/p>\n<p>Por: Otocar Wondracek<\/p>\n<p>fonte:  \t\t\t\twww.igrejaempoa.com.br<\/p>\n","protected":false},"excerpt":{"rendered":"<p>&#8220;Se o Senhor n\u00e3o edificar a casa, em v\u00e3o trabalham os que a edificam.&#8221; (Sl 127:1) N\u00e3o \u00e9 uma obra arquitet\u00f4nica, claro, mas sim a casa como lugar dos relacionamentos&hellip; <\/p>\n","protected":false},"author":1,"featured_media":0,"comment_status":"open","ping_status":"open","sticky":false,"template":"","format":"standard","meta":{"footnotes":""},"categories":[44],"tags":[13],"class_list":["post-616","post","type-post","status-publish","format-standard","hentry","category-igreja-em-poa","tag-familia"],"_links":{"self":[{"href":"https:\/\/www.levandoapalavra.com\/123\/index.php?rest_route=\/wp\/v2\/posts\/616","targetHints":{"allow":["GET"]}}],"collection":[{"href":"https:\/\/www.levandoapalavra.com\/123\/index.php?rest_route=\/wp\/v2\/posts"}],"about":[{"href":"https:\/\/www.levandoapalavra.com\/123\/index.php?rest_route=\/wp\/v2\/types\/post"}],"author":[{"embeddable":true,"href":"https:\/\/www.levandoapalavra.com\/123\/index.php?rest_route=\/wp\/v2\/users\/1"}],"replies":[{"embeddable":true,"href":"https:\/\/www.levandoapalavra.com\/123\/index.php?rest_route=%2Fwp%2Fv2%2Fcomments&post=616"}],"version-history":[{"count":0,"href":"https:\/\/www.levandoapalavra.com\/123\/index.php?rest_route=\/wp\/v2\/posts\/616\/revisions"}],"wp:attachment":[{"href":"https:\/\/www.levandoapalavra.com\/123\/index.php?rest_route=%2Fwp%2Fv2%2Fmedia&parent=616"}],"wp:term":[{"taxonomy":"category","embeddable":true,"href":"https:\/\/www.levandoapalavra.com\/123\/index.php?rest_route=%2Fwp%2Fv2%2Fcategories&post=616"},{"taxonomy":"post_tag","embeddable":true,"href":"https:\/\/www.levandoapalavra.com\/123\/index.php?rest_route=%2Fwp%2Fv2%2Ftags&post=616"}],"curies":[{"name":"wp","href":"https:\/\/api.w.org\/{rel}","templated":true}]}}