{"id":806,"date":"2008-07-16T13:52:34","date_gmt":"2008-07-16T15:52:34","guid":{"rendered":"https:\/\/www.levandoapalavra.com\/123\/?p=806"},"modified":"2010-12-16T13:53:12","modified_gmt":"2010-12-16T15:53:12","slug":"amado-de-minha-alma","status":"publish","type":"post","link":"https:\/\/www.levandoapalavra.com\/123\/?p=806","title":{"rendered":"Amado de Minha Alma"},"content":{"rendered":"<p style=\"text-align: justify;\">\u00d3 amado  \t\t\t\t\tde minha alma\u201d  \t\t\t\t\t(Cantares 1:7)<\/p>\n<p style=\"text-align: justify;\">\u00c9 muito  \t\t\t\t\tbom ser capaz de dizer do Senhor Jesus, sem nenhum &#8220;se&#8221; ou  \t\t\t\t\t&#8220;mas&#8221;, &#8220;\u00d3 amado de minha alma&#8221;. Muitos podem apenas  \t\t\t\t\tdizer de Jesus que esperam am\u00e1-Lo; que acreditam  \t\t\t\t\t\tque O amam; mas s\u00f3 quem tem uma experi\u00eancia  \t\t\t\t\tpobre e superficial ficar\u00e1 contente em parar por aqui.  \t\t\t\t\tNingu\u00e9m ouse dar qualquer descanso a seu esp\u00edrito at\u00e9 que se  \t\t\t\t\tsinta totalmente seguro quanto a esse assunto de vital  \t\t\t\t\timport\u00e2ncia. N\u00e3o ousemos ficar satisfeitos com uma esperan\u00e7a  \t\t\t\t\t\tsuperficial do amor de Jesus e com uma mera \t\t\t\t\tconfian\u00e7a de que O amamos. Em geral, os santos do  \t\t\t\t\tpassado n\u00e3o falavam com esses &#8220;mas&#8221;, &#8220;se&#8221;, &#8220;espero&#8221;, &#8220;acho&#8221;,  \t\t\t\t\tmas falavam com simplicidade e seguran\u00e7a. &#8220;Eu sei em quem  \t\t\t\t\ttenho crido&#8221;, disse Paulo. &#8220;Eu sei que meu Redentor vive&#8221;,  \t\t\t\t\tdisse J\u00f3. Tenha absoluta certeza de seu amor por Jesus e n\u00e3o  \t\t\t\t\tse d\u00ea por satisfeito at\u00e9 poder falar de seu interesse por  \t\t\t\t\tEle como uma realidade, na qual esteja seguro de ter  \t\t\t\t\trecebido em sua alma, pela f\u00e9, o testemunho e o selo do  \t\t\t\t\tEsp\u00edrito Santo.<\/p>\n<p style=\"text-align: justify;\">Amor  \t\t\t\t\tverdadeiro por Jesus \u00e9, em todos os sentidos, obra do  \t\t\t\t\tEsp\u00edrito Santo, e deve ser trabalhado no cora\u00e7\u00e3o por Ele.  \t\t\t\t\tEle \u00e9 o agente eficaz, mas, a raz\u00e3o l\u00f3gica pela  \t\t\t\t\tqual amamos Jesus repousa em Si mesmo. Por que amamos Jesus?  \t\t\t\t\t\tPorque Ele nos amou primeiro. Por  \t\t\t\t\tque O amamos? Porque Ele deu a Si mesmo por n\u00f3s.  \t\t\t\t\tN\u00f3s temos vida atrav\u00e9s da Sua morte; temos paz atrav\u00e9s de  \t\t\t\t\tSeu sangue. Apesar de ser rico, Se fez pobre por amor de  \t\t\t\t\tn\u00f3s . Por que O amamos? Por causa da excel\u00eancia da  \t\t\t\t\tSua pessoa. Somos fartos com o senso de Sua beleza! Com  \t\t\t\t\ta admira\u00e7\u00e3o de Seus encantos! Com a consci\u00eancia de Sua  \t\t\t\t\tinfinita perfei\u00e7\u00e3o! Sua grandeza, Sua bondade e Seu amor,  \t\t\t\t\tnum raio resplandecente, combinam para encantar a alma at\u00e9  \t\t\t\t\tque ela fique t\u00e3o arrebatada que exclame: &#8220;sim, Ele \u00e9  \t\t\t\t\ttotalmente desej\u00e1vel&#8221; (Ct.. 5:16) . Aben\u00e7oado amor &#8211; amor  \t\t\t\t\tque ata o cora\u00e7\u00e3o com cadeias mais macias que a seda e ainda  \t\t\t\t\tmais fortes que o diamante.<\/p>\n<p style=\"text-align: justify;\">\n<p style=\"text-align: justify;\">Fonte:  \t\t\t\t\tMorning and Evening  \t\t\t(Devocional matutina do dia 03 de setembro)<\/p>\n<p style=\"text-align: justify;\"><a href=\"https:\/\/www.monergismo.com\/\"> Tradu\u00e7\u00e3o: Mariza Regina Souza<\/a><\/p>\n","protected":false},"excerpt":{"rendered":"<p>\u00d3 amado de minha alma\u201d (Cantares 1:7) \u00c9 muito bom ser capaz de dizer do Senhor Jesus, sem nenhum &#8220;se&#8221; ou &#8220;mas&#8221;, &#8220;\u00d3 amado de minha alma&#8221;. Muitos podem apenas&hellip; <\/p>\n","protected":false},"author":1,"featured_media":0,"comment_status":"open","ping_status":"open","sticky":false,"template":"","format":"standard","meta":{"footnotes":""},"categories":[3],"tags":[],"class_list":["post-806","post","type-post","status-publish","format-standard","hentry","category-charles-haddon-spurgeon"],"_links":{"self":[{"href":"https:\/\/www.levandoapalavra.com\/123\/index.php?rest_route=\/wp\/v2\/posts\/806","targetHints":{"allow":["GET"]}}],"collection":[{"href":"https:\/\/www.levandoapalavra.com\/123\/index.php?rest_route=\/wp\/v2\/posts"}],"about":[{"href":"https:\/\/www.levandoapalavra.com\/123\/index.php?rest_route=\/wp\/v2\/types\/post"}],"author":[{"embeddable":true,"href":"https:\/\/www.levandoapalavra.com\/123\/index.php?rest_route=\/wp\/v2\/users\/1"}],"replies":[{"embeddable":true,"href":"https:\/\/www.levandoapalavra.com\/123\/index.php?rest_route=%2Fwp%2Fv2%2Fcomments&post=806"}],"version-history":[{"count":0,"href":"https:\/\/www.levandoapalavra.com\/123\/index.php?rest_route=\/wp\/v2\/posts\/806\/revisions"}],"wp:attachment":[{"href":"https:\/\/www.levandoapalavra.com\/123\/index.php?rest_route=%2Fwp%2Fv2%2Fmedia&parent=806"}],"wp:term":[{"taxonomy":"category","embeddable":true,"href":"https:\/\/www.levandoapalavra.com\/123\/index.php?rest_route=%2Fwp%2Fv2%2Fcategories&post=806"},{"taxonomy":"post_tag","embeddable":true,"href":"https:\/\/www.levandoapalavra.com\/123\/index.php?rest_route=%2Fwp%2Fv2%2Ftags&post=806"}],"curies":[{"name":"wp","href":"https:\/\/api.w.org\/{rel}","templated":true}]}}